{"id":12968,"date":"2024-11-08T20:32:25","date_gmt":"2024-11-09T01:32:25","guid":{"rendered":"http:\/\/www.thevisitorpanama.info\/esp\/?p=12968"},"modified":"2024-11-08T20:38:46","modified_gmt":"2024-11-09T01:38:46","slug":"feria-de-las-flores-y-el-cafe-de-boquete-50-anos-deslumbrando-con-arte-esplendor-y-tradiciones","status":"publish","type":"post","link":"https:\/\/www.thevisitorpanama.info\/esp\/2024\/11\/08\/feria-de-las-flores-y-el-cafe-de-boquete-50-anos-deslumbrando-con-arte-esplendor-y-tradiciones\/","title":{"rendered":"Feria de las Flores y el Caf\u00e9 de Boquete  Cumple 52 A\u00f1os y se Realizar\u00e1 del 8 al 19 de Enero de 2024"},"content":{"rendered":"\n<p>En Panam\u00e1, hay un evento que genera una enorme cantidad de Visitas a la provincia de Chiriqu\u00ed por su gran variedad de flores, hermosa naturaleza y actividades culturales\u2026este es la Feria de las Flores y el Caf\u00e9 de Boquete. Un evento que crece en turistas y exhibiciones y que este a\u00f1o se realizar\u00e1 del 8 al 19 de enero. <\/p>\n\n\n\n<p><strong>Historia de la Feria<\/strong><\/p>\n\n\n\n<p>Esta feria se remonta a la d\u00e9cada de 1950 cuando un grupo de boquete\u00f1os liderado por el ingeniero agr\u00f3nomo Carlos Enrique Landau tomaron la iniciativa de crear la Feria de las Flores en Boquete. Este evento de gran significado para la regi\u00f3n de tierras altas se cre\u00f3 con el fin de resaltar una de las \u00e1reas que cuenta con un gran potencial tur\u00edstico y para que el distrito tuviese una proyecci\u00f3n a nivel nacional. Uno de los prop\u00f3sitos era resaltar y dar a conocer lo que se hac\u00eda en Boquete, la calidad del caf\u00e9, mostrar la variedad de las flores y jardines que con gran facilidad florecen y adornan todo el entorno, al igual que la artesan\u00eda aut\u00f3ctona.<\/p>\n\n\n\n<figure class=\"wp-block-image size-full\"><img decoding=\"async\" loading=\"lazy\" width=\"1440\" height=\"1080\" src=\"https:\/\/www.thevisitorpanama.info\/esp\/wp-content\/uploads\/2023\/12\/Compress_20231218_111928_8045.jpg\" alt=\"\" class=\"wp-image-14727\" srcset=\"https:\/\/www.thevisitorpanama.info\/esp\/wp-content\/uploads\/2023\/12\/Compress_20231218_111928_8045.jpg 1440w, https:\/\/www.thevisitorpanama.info\/esp\/wp-content\/uploads\/2023\/12\/Compress_20231218_111928_8045-768x576.jpg 768w, https:\/\/www.thevisitorpanama.info\/esp\/wp-content\/uploads\/2023\/12\/Compress_20231218_111928_8045-80x60.jpg 80w, https:\/\/www.thevisitorpanama.info\/esp\/wp-content\/uploads\/2023\/12\/Compress_20231218_111928_8045-100x75.jpg 100w, https:\/\/www.thevisitorpanama.info\/esp\/wp-content\/uploads\/2023\/12\/Compress_20231218_111928_8045-180x135.jpg 180w, https:\/\/www.thevisitorpanama.info\/esp\/wp-content\/uploads\/2023\/12\/Compress_20231218_111928_8045-238x178.jpg 238w\" sizes=\"(max-width: 1440px) 100vw, 1440px\" \/><\/figure>\n\n\n\n<p><strong>Un Inicio Lleno de Adversidades<\/strong><\/p>\n\n\n\n<p>Al inicio, la feria era un evento intermitente que se celebraba solo cuando la comunidad se organizaba para realizarla. De 1950 hasta 1969 el Festival del Caf\u00e9, como se le llamaba entonces, solo se realiz\u00f3 en cuatro ocasiones (1950, 1957, 1961 y 1969).<\/p>\n\n\n\n<p>Sin embargo, el 9 de abril de 1970, un d\u00eda antes de inaugurarse el quinto festival, el distrito result\u00f3 afectado por graves inundaciones donde uno de cada tres ciudadanos perdi\u00f3 su casa. Ante esta adversidad, los boquete\u00f1os, lejos de rendirse, decidieron un a\u00f1o despu\u00e9s (1971) establecer, de manera permanente, una exposici\u00f3n que mostrara al pa\u00eds lo mejor de sus flores y caf\u00e9. Para esta feria se construyeron obras que embellecieron el pueblo y la reina fue la se\u00f1orita Brenda Aguilar, y donde el parque Domingo M\u00e9dica fue el escenario de la festividad.<\/p>\n\n\n\n<p>A partir de 1973 la feria se convirti\u00f3 en La Feria de Las Flores y del Caf\u00e9 y desde ese a\u00f1o hasta 1991 se realiz\u00f3 en el mes de abril. Sin embargo, a inicios de la d\u00e9cada del 90 se cambi\u00f3 la fecha de esta festividad para el mes de enero, con el fin de aprovechar la estaci\u00f3n seca. Desde ese a\u00f1o, la feria se empez\u00f3 a realizar durante 10 d\u00edas.<\/p>\n\n\n\n<figure class=\"wp-block-image size-full\"><img decoding=\"async\" loading=\"lazy\" width=\"2016\" height=\"1512\" src=\"https:\/\/www.thevisitorpanama.info\/esp\/wp-content\/uploads\/2023\/12\/Compress_20231218_111928_8907.jpg\" alt=\"\" class=\"wp-image-14728\" srcset=\"https:\/\/www.thevisitorpanama.info\/esp\/wp-content\/uploads\/2023\/12\/Compress_20231218_111928_8907.jpg 2016w, https:\/\/www.thevisitorpanama.info\/esp\/wp-content\/uploads\/2023\/12\/Compress_20231218_111928_8907-768x576.jpg 768w, https:\/\/www.thevisitorpanama.info\/esp\/wp-content\/uploads\/2023\/12\/Compress_20231218_111928_8907-1536x1152.jpg 1536w, https:\/\/www.thevisitorpanama.info\/esp\/wp-content\/uploads\/2023\/12\/Compress_20231218_111928_8907-80x60.jpg 80w, https:\/\/www.thevisitorpanama.info\/esp\/wp-content\/uploads\/2023\/12\/Compress_20231218_111928_8907-100x75.jpg 100w, https:\/\/www.thevisitorpanama.info\/esp\/wp-content\/uploads\/2023\/12\/Compress_20231218_111928_8907-180x135.jpg 180w, https:\/\/www.thevisitorpanama.info\/esp\/wp-content\/uploads\/2023\/12\/Compress_20231218_111928_8907-238x178.jpg 238w\" sizes=\"(max-width: 2016px) 100vw, 2016px\" \/><\/figure>\n\n\n\n<p><strong>Una de las Mejores Ferias a Nivel Nacional<\/strong><\/p>\n\n\n\n<p>La organizaci\u00f3n y ejecuci\u00f3n de este evento es tan grande que lleva una extensa planificaci\u00f3n junto con la preparaci\u00f3n de los jardines que se da a inicio del mes de mayo. Estos jardines son el principal atractivo que ofrece la Feria de las Flores y del Caf\u00e9, ubicada a orillas del r\u00edo Caldera. Cada a\u00f1o se adquieren diversas variedades de semillas de flores de Estados Unidos, Canad\u00e1 y Francia, para presentar un evento lucido cada a\u00f1o.<\/p>\n\n\n\n<p>La Feria de las Flores y del Caf\u00e9 se encuentra abierta durante todo el a\u00f1o, organizando y planificando el evento Ferial que todos los a\u00f1os se realiza en el mes de enero, adicional a esto se celebra la Expo Orqu\u00eddeas, que se realiza en el mes de marzo y abril, para resaltar la belleza de esta&nbsp;hermosa planta.<\/p>\n\n\n\n<figure class=\"wp-block-image size-full\"><img decoding=\"async\" loading=\"lazy\" width=\"1387\" height=\"1090\" src=\"http:\/\/www.thevisitorpanama.info\/esp\/wp-content\/uploads\/2023\/05\/Compress_20221216_204301_1667.jpg\" alt=\"\" class=\"wp-image-12974\" srcset=\"https:\/\/www.thevisitorpanama.info\/esp\/wp-content\/uploads\/2023\/05\/Compress_20221216_204301_1667.jpg 1387w, https:\/\/www.thevisitorpanama.info\/esp\/wp-content\/uploads\/2023\/05\/Compress_20221216_204301_1667-768x604.jpg 768w\" sizes=\"(max-width: 1387px) 100vw, 1387px\" \/><\/figure>\n\n\n\n<p><strong>Comidas, Artesan\u00edas y Actividades<\/strong><\/p>\n\n\n\n<p>Esta feria ofrece a sus visitantes lo principal, la hospitalidad de su gente. Sin embargo, durante el evento se pueden adquirir artesan\u00edas (nacionales y extranjeras), plantas de muchas variedades, dulces, y un sinn\u00famero de productos y servicios.<\/p>\n\n\n\n<p>Tambi\u00e9n se cuenta con la participaci\u00f3n de expositores nacionales y extranjeros que durante cada evento ferial deleitan con sus diversas exposiciones.<\/p>\n\n\n\n<p><strong>Celebrando 52 a\u00f1os \u00a0<\/strong><\/p>\n\n\n\n<p>La Feria de las Flores y el Caf\u00e9 de Boquete 2024 ser\u00e1 del 8 al 19 de enero pr\u00f3ximo en su versi\u00f3n n\u00famero 52. El evento que por tradici\u00f3n abre el calendario de ferias en Panam\u00e1 ya est\u00e1 confirmado y con altas expectativass. Los jardines ya est\u00e1n plantados; germinados con muchas de las variedades de flores que al p\u00fablico le encanta apreciar en las exhibiciones.<\/p>\n\n\n\n<p>Esta feria es una de las inyecciones econ\u00f3micas m\u00e1s importantes para el distrito boquete\u00f1o en cuanto a generaci\u00f3n de empleo, turismo, adem\u00e1s de la utilizaci\u00f3n de m\u00faltiples servicios como hospedaje, alimentaci\u00f3n, entre otros. El producto tur\u00edstico m\u00e1s importante de Chiriqu\u00ed y uno de los m\u00e1s valiosos en todo el pa\u00eds.<\/p>\n\n\n\n<figure class=\"wp-block-image size-full\"><img decoding=\"async\" loading=\"lazy\" width=\"1200\" height=\"1600\" src=\"https:\/\/www.thevisitorpanama.info\/esp\/wp-content\/uploads\/2023\/12\/Compress_20231218_111927_7911.jpg\" alt=\"\" class=\"wp-image-14730\" srcset=\"https:\/\/www.thevisitorpanama.info\/esp\/wp-content\/uploads\/2023\/12\/Compress_20231218_111927_7911.jpg 1200w, https:\/\/www.thevisitorpanama.info\/esp\/wp-content\/uploads\/2023\/12\/Compress_20231218_111927_7911-768x1024.jpg 768w, https:\/\/www.thevisitorpanama.info\/esp\/wp-content\/uploads\/2023\/12\/Compress_20231218_111927_7911-1152x1536.jpg 1152w\" sizes=\"(max-width: 1200px) 100vw, 1200px\" \/><\/figure>\n","protected":false},"excerpt":{"rendered":"<p>En Panam\u00e1, hay un evento que genera una enorme cantidad de Visitas a la provincia de Chiriqu\u00ed por su gran variedad de flores, hermosa naturaleza y actividades culturales\u2026este es la Feria de las Flores y el Caf\u00e9 de Boquete. Un evento que crece en turistas y exhibiciones y que este a\u00f1o se realizar\u00e1 del 8 [&hellip;]<\/p>\n","protected":false},"author":1,"featured_media":14726,"comment_status":"open","ping_status":"open","sticky":false,"template":"","format":"standard","meta":[],"categories":[69],"tags":[],"_links":{"self":[{"href":"https:\/\/www.thevisitorpanama.info\/esp\/wp-json\/wp\/v2\/posts\/12968"}],"collection":[{"href":"https:\/\/www.thevisitorpanama.info\/esp\/wp-json\/wp\/v2\/posts"}],"about":[{"href":"https:\/\/www.thevisitorpanama.info\/esp\/wp-json\/wp\/v2\/types\/post"}],"author":[{"embeddable":true,"href":"https:\/\/www.thevisitorpanama.info\/esp\/wp-json\/wp\/v2\/users\/1"}],"replies":[{"embeddable":true,"href":"https:\/\/www.thevisitorpanama.info\/esp\/wp-json\/wp\/v2\/comments?post=12968"}],"version-history":[{"count":9,"href":"https:\/\/www.thevisitorpanama.info\/esp\/wp-json\/wp\/v2\/posts\/12968\/revisions"}],"predecessor-version":[{"id":17029,"href":"https:\/\/www.thevisitorpanama.info\/esp\/wp-json\/wp\/v2\/posts\/12968\/revisions\/17029"}],"wp:featuredmedia":[{"embeddable":true,"href":"https:\/\/www.thevisitorpanama.info\/esp\/wp-json\/wp\/v2\/media\/14726"}],"wp:attachment":[{"href":"https:\/\/www.thevisitorpanama.info\/esp\/wp-json\/wp\/v2\/media?parent=12968"}],"wp:term":[{"taxonomy":"category","embeddable":true,"href":"https:\/\/www.thevisitorpanama.info\/esp\/wp-json\/wp\/v2\/categories?post=12968"},{"taxonomy":"post_tag","embeddable":true,"href":"https:\/\/www.thevisitorpanama.info\/esp\/wp-json\/wp\/v2\/tags?post=12968"}],"curies":[{"name":"wp","href":"https:\/\/api.w.org\/{rel}","templated":true}]}}