{"id":12944,"date":"2023-04-29T16:02:10","date_gmt":"2023-04-29T21:02:10","guid":{"rendered":"http:\/\/www.thevisitorpanama.info\/esp\/?p=12944"},"modified":"2023-04-29T16:02:27","modified_gmt":"2023-04-29T21:02:27","slug":"adolfo-fabrega-garcia-de-paredes-nuevo-presidente-de-la-camara-de-comercio-industrias-y-agricultura-de-panama","status":"publish","type":"post","link":"https:\/\/www.thevisitorpanama.info\/esp\/2023\/04\/29\/adolfo-fabrega-garcia-de-paredes-nuevo-presidente-de-la-camara-de-comercio-industrias-y-agricultura-de-panama\/","title":{"rendered":"Adolfo F\u00e1brega Garc\u00eda de Paredes, Nuevo Presidente de la C\u00e1mara de Comercio, Industrias y Agricultura de Panam\u00e1"},"content":{"rendered":"\n<p><strong>(Panam\u00e1, 27 de abril de 2023).<\/strong>&nbsp;La C\u00e1mara de Comercio, Industrias y Agricultura de Panam\u00e1 (CCIAP) celebr\u00f3 su Segunda Asamblea General Ordinaria, con el fin exclusivo de llevar a cabo la Toma de Posesi\u00f3n de Adolfo F\u00e1brega Garc\u00eda de Paredes, como presidente del gremio y de la Junta Directiva 2023-2024.<\/p>\n\n\n\n<p>Adolfo F\u00e1brega Garc\u00eda de Paredes fue juramentado por la presidente saliente Marcela Galindo De Obarrio\u00a0en una ceremonia\u00a0que se desarroll\u00f3 en un hotel de la localidad\u00a0en la que participaron\u00a0el presidente de la Rep\u00fablica, Laurentino Cortizo; y su esposa Yazm\u00edn Col\u00f3n de Cortizo, primera dama de la Rep\u00fablica; Monique de Saint Malo, tesorera de la Junta Directiva 2022-2023. Posterior, la Junta Directiva para el periodo 2023-2024 fue juramentada por el nuevo presidente de la CCIAP en presencia de los directores entrantes y salientes, el Consejo de Expresidentes, asesores del gremio, representantes de las empresas miembros, autoridades del gobiernos y directivos de otros gremios empresariales, entre otros.<\/p>\n\n\n\n<figure class=\"wp-block-image size-full\"><img decoding=\"async\" loading=\"lazy\" width=\"1500\" height=\"1000\" src=\"http:\/\/www.thevisitorpanama.info\/esp\/wp-content\/uploads\/2023\/04\/G2A4320.jpg\" alt=\"\" class=\"wp-image-12946\" srcset=\"https:\/\/www.thevisitorpanama.info\/esp\/wp-content\/uploads\/2023\/04\/G2A4320.jpg 1500w, https:\/\/www.thevisitorpanama.info\/esp\/wp-content\/uploads\/2023\/04\/G2A4320-768x512.jpg 768w\" sizes=\"(max-width: 1500px) 100vw, 1500px\" \/><\/figure>\n\n\n\n<p>Despu\u00e9s de su investidura como presidente de la CCIAP, F\u00e1brega expres\u00f3 \u201cpresentarme hoy ante ustedes como presidente n\u00famero 72 de la C\u00e1mara de Comercio, Industrias y Agricultura de Panam\u00e1 es motivo de orgullo para m\u00ed y para mi familia, especialmente en un momento que me ha permitido repasar el camino recorrido.\u201d<\/p>\n\n\n\n<p><strong>Plan de trabajo 2023-2024<\/strong><\/p>\n\n\n\n<p>Por ello, el estrenado presidente, mencion\u00f3 parte de su plan de trabajo que ejecutar\u00e1 durante su a\u00f1o de gesti\u00f3n, estar\u00e1 enfocado en trabajar m\u00e1s en el observatorio de calidad de vida, \u00a1Panam\u00e1, cu\u00e9ntame!,&nbsp;Agenda Pa\u00eds 2024-2029,&nbsp;el programa de Invalidez, Vejez y Muerte (IVM) de la Caja de Seguro Social (CSS), las finanzas p\u00fablicas, el gasto y la deuda; as\u00ed como, la educaci\u00f3n.<\/p>\n\n\n\n<p><strong>Panam\u00e1, \u00a1cu\u00e9ntame!<\/strong><\/p>\n\n\n\n<p>Sobre este observatorio, destac\u00f3 que, a trav\u00e9s de&nbsp;<strong>Panam\u00e1, \u00a1cu\u00e9ntame!<\/strong>&nbsp;se buscar\u00e1 presentar datos estad\u00edsticos, as\u00ed como encuestas de percepci\u00f3n que orienten a los paname\u00f1os sobre la realidad de los principales indicadores de vida, para que en base a estos puedan tomar decisiones informadas; as\u00ed como, reclamar a los gobernantes el mejoramiento de los servicios que brinda el Estado.<\/p>\n\n\n\n<p>\u201cDe all\u00ed, que durante este a\u00f1o me propongo trabajar por hacer llegar a nuestros conciudadanos y gobernantes de forma m\u00e1s directa esta informaci\u00f3n; al tiempo que, fortaleceremos las alianzas con las diferentes agrupaciones que nos acompa\u00f1an en esta iniciativa\u201d, precis\u00f3 F\u00e1brega.<\/p>\n\n\n\n<figure class=\"wp-block-image size-full\"><img decoding=\"async\" loading=\"lazy\" width=\"1500\" height=\"842\" src=\"http:\/\/www.thevisitorpanama.info\/esp\/wp-content\/uploads\/2023\/04\/G2A4373.jpg\" alt=\"\" class=\"wp-image-12947\" srcset=\"https:\/\/www.thevisitorpanama.info\/esp\/wp-content\/uploads\/2023\/04\/G2A4373.jpg 1500w, https:\/\/www.thevisitorpanama.info\/esp\/wp-content\/uploads\/2023\/04\/G2A4373-768x431.jpg 768w\" sizes=\"(max-width: 1500px) 100vw, 1500px\" \/><\/figure>\n\n\n\n<p><strong>Agenda Pa\u00eds 2024-2029<\/strong><\/p>\n\n\n\n<p>En el contexto de Agenda Pa\u00eds 2024\u20142029, F\u00e1brega recalc\u00f3, que basados en estos datos y la informaci\u00f3n que se maneja, cada cinco a\u00f1os este gremio se aboca a presentar el Proyecto Agenda Pa\u00eds, donde a trav\u00e9s de foros se plantea la situaci\u00f3n presente de los principales sectores que requieren de atenci\u00f3n para el desarrollo de Panam\u00e1, y posterior se presenta recomendaciones de acciones a implementar a corto y mediano plazo en el siguiente quinquenio.<\/p>\n\n\n\n<p>El presidente de la CCIAP resalt\u00f3 que los pr\u00f3ximos meses la C\u00e1mara de Comercio, presentar\u00e1 este programa de Agenda Pa\u00eds-2024-2029, el cual tiene el prop\u00f3sito de aportar a los planes de gobierno de los candidatos oficiales y que adem\u00e1s ser\u00e1 la base para el Debate Presidencial que el Tribunal Electoral asign\u00f3 a la CCIAP desarrollar el 17 de abril de 2024.<\/p>\n\n\n\n<p>Tambi\u00e9n inform\u00f3 que, en Agenda Pa\u00eds, este a\u00f1o se invitar\u00e1 a otros actores de la vida nacional, como los son la academia, trabajadores, sectores productivos y empresarios por mencionar algunos, a firmar un compromiso de cara a establecer una visi\u00f3n compartida con indicadores consensuados que sea la base sobre la cual accionar y dejarle a la pr\u00f3xima generaci\u00f3n un Panam\u00e1 equitativo y en desarrollo.<\/p>\n\n\n\n<figure class=\"wp-block-image size-full is-resized\"><img decoding=\"async\" loading=\"lazy\" src=\"http:\/\/www.thevisitorpanama.info\/esp\/wp-content\/uploads\/2023\/04\/G2A4487-scaled.jpg\" alt=\"\" class=\"wp-image-12948\" width=\"539\" height=\"563\" srcset=\"https:\/\/www.thevisitorpanama.info\/esp\/wp-content\/uploads\/2023\/04\/G2A4487-scaled.jpg 2453w, https:\/\/www.thevisitorpanama.info\/esp\/wp-content\/uploads\/2023\/04\/G2A4487-768x801.jpg 768w, https:\/\/www.thevisitorpanama.info\/esp\/wp-content\/uploads\/2023\/04\/G2A4487-1472x1536.jpg 1472w, https:\/\/www.thevisitorpanama.info\/esp\/wp-content\/uploads\/2023\/04\/G2A4487-1962x2048.jpg 1962w\" sizes=\"(max-width: 539px) 100vw, 539px\" \/><\/figure>\n\n\n\n<p><strong>CSS-IVM<\/strong><\/p>\n\n\n\n<p>Resalt\u00f3 que tanto este \u00faltimo a\u00f1o de administraci\u00f3n gubernamental como el siguiente periodo son cruciales para Panam\u00e1. \u201cLa estabilidad socioecon\u00f3mica del pa\u00eds y su desarrollo sostenible a largo plazo se encuentran en riesgo. Por lo que durante este a\u00f1o daremos prioridad aquellos temas que ya no pueden esperar m\u00e1s\u201d, a\u00f1adi\u00f3 F\u00e1brega.<\/p>\n\n\n\n<p>Referente al tema de la seguridad social y al programa IVM, el septuag\u00e9simo segundo presidente de la CCIAP reiter\u00f3 la Caja del Seguro Social y el fondo de invalidez, vejez y muerte (IVM) ya no dan para m\u00e1s. Para este mismo periodo el pr\u00f3ximo a\u00f1o, sino actuamos, no habr\u00e1 manera de garantizar su sostenibilidad.<\/p>\n\n\n\n<p>Manifest\u00f3 que los n\u00fameros son exactos y la informaci\u00f3n tanto interna de la Junta T\u00e9cnica Actuarial como la externa de la Organizaci\u00f3n Internacional del Trabajo coincide, las reservas se agotaron. Y la soluci\u00f3n no pasa por volver a un sistema que ya prob\u00f3 ser fallido ni en quitarle a los ahorristas del subsistema de cuentas individuales lo que por tanto tiempo han aportado. \u201cEsto no es solidario y es robarles el futuro a esos j\u00f3venes\u201d.<\/p>\n\n\n\n<p>F\u00e1brega afirm\u00f3 que, aunque la decisi\u00f3n \u201cno es f\u00e1cil por los componentes sociales que la rodean, pero quien est\u00e1 llamado a liderar un pa\u00eds no siempre podr\u00e1 tomar decesiones f\u00e1ciles, pero si debe buscar tomar las mejores decisiones, como un buen padre de familia\u201d.<\/p>\n\n\n\n<p><strong>Deuda externa y cuentas por pagar<\/strong><\/p>\n\n\n\n<p>Asimismo, F\u00e1brega enfatiz\u00f3 que le preocupa sobremanera la ascendente deuda externa aunado a las crecientes cuentas por pagar por parte del Gobierno Nacional y la evidente falta de fondos para el mantenimiento y ejecuci\u00f3n de obras cr\u00edticas en Panam\u00e1. Y, sobre todo, el aumento de la planilla estatal. Todo esto, careciendo de planificaci\u00f3n y ejecuci\u00f3n estrat\u00e9gica que promueva un crecimiento econ\u00f3mico competitivo y mejore los servicios que el Estado brinda al ciudadano.<\/p>\n\n\n\n<p><strong>Finanzas y gasto p\u00fablico<\/strong><\/p>\n\n\n\n<p>Concerniente al gasto p\u00fablico, el presidente de la CCIAP indic\u00f3 que este gremio empresarial seguir\u00e1 reclamando austeridad del gasto p\u00fablico y que el existente se enfoque en inversi\u00f3n y no en gastos de funcionamiento, adem\u00e1s, promover\u00e1 la Iniciativa de Presupuesto Abierto y la automatizaci\u00f3n del Estado, que elimine la discrecionalidad y propicie la transparencia y la rendici\u00f3n de cuentas, que puedan aportar a construir una verdadera confianza ciudadana. \u201cHasta el momento poco hemos visto de esto y el resultado es una poblaci\u00f3n incr\u00e9dula de todo lo que le rodea\u201d, a\u00f1adi\u00f3 el empresario.<\/p>\n\n\n\n<p><strong>Educaci\u00f3n &nbsp;<\/strong><\/p>\n\n\n\n<p>De igual manera, se\u00f1al\u00f3 que dar\u00e1 prioridad a la educaci\u00f3n y todo lo que desde la CCIAP se pueda aportar para lograr que una \u201cverdadera educaci\u00f3n de calidad que llegue a todos, porque el futuro es ahora y no estamos preparados\u201d.<\/p>\n\n\n\n<p>En ese sentido, este reconocido empresario que cuenta con m\u00e1s de 15 a\u00f1os de trayectoria profesional en el sector de la tecnolog\u00eda de informaci\u00f3n y comunicaciones, como desarrollador de software y de seguridad inform\u00e1tica, entre otros, resalt\u00f3 que el impacto que tiene en nuestras vidas el internet y los dispositivos m\u00f3viles ser\u00e1n min\u00fasculos en comparaci\u00f3n con los cambios que se ver\u00e1n en los pr\u00f3ximos 48 a 72 meses. Refiri\u00e9ndose inteligencia artificial.<\/p>\n\n\n\n<p>\u201cLo que hemos visto desde finales de 2022 es tan solo una muestra de lo que viene con la inteligencia artificial en general. La gran mayor\u00eda de los empleos actuales van a cambiar, la gran mayor\u00eda de las empresas se tendr\u00e1n que transformar, y por esta raz\u00f3n la educaci\u00f3n tiene por fuerza que reconvertirse\u201d, resalt\u00f3 F\u00e1brega.<\/p>\n\n\n\n<p>Adem\u00e1s, dijo \u201cno podemos aspirar a ser un pa\u00eds de primer mundo, si seguimos con los obst\u00e1culos y paradigmas que exigen a nuestros programas educativos el statu quo y entorpecen su evoluci\u00f3n.<\/p>\n\n\n\n<p>Record\u00f3 que de las m\u00faltiples ense\u00f1anzas que \u201cnos dejaron los \u00faltimos a\u00f1os, es que tenemos que tomar medidas urgentes en materia de conectividad para que ning\u00fan alumno de este pa\u00eds se quede atr\u00e1s\u201d.<\/p>\n\n\n\n<p>Por otro lado, el presidente de la CCIAP, un conocedor de la inteligencia artificial, coment\u00f3 que Panam\u00e1 debe ser de los pa\u00edses que se pregunten \u201c\u00bfc\u00f3mo podemos utilizar la inteligencia artificial y la tecnolog\u00eda para educar mejor a nuestros ni\u00f1os y ni\u00f1as?\u201d, y no aquellos que persiguen la misi\u00f3n imposible de controlar el uso de estas tecnolog\u00edas, porque estos son los pa\u00edses que se quedar\u00e1n rezagados en comparaci\u00f3n con las naciones que aprovechen este cambio radical que tan solo estamos empezando a presenciar.<\/p>\n\n\n\n<p>Por \u00faltimo, F\u00e1brega mencion\u00f3 que en el tema educaci\u00f3n, se debe tener presentes las necesidades en materia de infraestructura que mantienen las escuelas y colegios a nivel nacional, tal y como reflej\u00f3 el \u00faltimo informe de Panam\u00e1, \u00a1cu\u00e9ntame!:\u201d Panam\u00e1 necesita invertir mejor en educaci\u00f3n, aqu\u00ed reside el destino de nuestra naci\u00f3n y sus habitantes\u201d, acot\u00f3 el l\u00edder empresarial.<\/p>\n\n\n\n<p><strong>Gesti\u00f3n 2022-2023<\/strong><\/p>\n\n\n\n<p>En tanto, Marcela Galindo De Obarrio, expresidente de la CCIAP, rindi\u00f3 un informe de su gesti\u00f3n que en un principio estaban enfocados en los temas de educaci\u00f3n, emprendimiento y equidad de g\u00e9nero.<\/p>\n\n\n\n<p>No obstante, se refiri\u00f3 a otros temas que con el trascurrir de los d\u00edas, se tuvo una participaci\u00f3n activa, como,&nbsp;reactivaci\u00f3n econ\u00f3mica y de empleos, incentivos fiscales al turismo, protestas nacionales, decretos de control de precio, contenci\u00f3n del gasto p\u00fablico, situaci\u00f3n de la Caja de Seguro Social, respeto a la institucionalidad democr\u00e1tica, estado de la infraestructura p\u00fablica a nivel nacional, listas discriminatorias, modificaci\u00f3n al marco regulatorio del tema de medicamentos, contrato minero, extinci\u00f3n de dominio, pagos a proveedores del Estado, administraci\u00f3n de justicia, apoyo a las MiPymes, impuestos municipales e igualdad de g\u00e9nero, entre otros.<\/p>\n\n\n\n<p>\u201cComo ven, ha sido un a\u00f1o de grandes aprendizajes, no solo a nivel institucional, sino tambi\u00e9n a nivel personal.&nbsp; Estos 12 meses me han enriquecido como empresaria, como ser humano y sobre todo como paname\u00f1a preocupada por el futuro de nuestro pa\u00eds\u201d, finaliz\u00f3 diciendo Galindo.<\/p>\n\n\n\n<p><strong>Junta Directiva 2023-2024<\/strong><strong><\/strong><\/p>\n\n\n\n<p>La Junta Directiva de la C\u00e1mara de Comercio, Industrias y Agricultura de Panam\u00e1 est\u00e1 formada por el presidente Adolfo F\u00e1brega Garc\u00eda de Paredes, los directores y suplentes de los 15 grupos que representan los principales sectores de la econom\u00eda paname\u00f1a y que agrupan a cerca de 1,500 empresas miembros del gremio y emplean a cerca de 150,000 colaboradores.<\/p>\n\n\n\n<p>Entre los directores principales, se elegir\u00e1 al Comit\u00e9 Ejecutivo, conformado por: el Primer vicepresidente, Segundo vicepresidente, Tesorero, Subtesorero, secretario, Subsecretario y el expresidente Inmediata Marcela Galindo De Obarrio.<\/p>\n","protected":false},"excerpt":{"rendered":"<p>(Panam\u00e1, 27 de abril de 2023).&nbsp;La C\u00e1mara de Comercio, Industrias y Agricultura de Panam\u00e1 (CCIAP) celebr\u00f3 su Segunda Asamblea General Ordinaria, con el fin exclusivo de llevar a cabo la Toma de Posesi\u00f3n de Adolfo F\u00e1brega Garc\u00eda de Paredes, como presidente del gremio y de la Junta Directiva 2023-2024. Adolfo F\u00e1brega Garc\u00eda de Paredes fue [&hellip;]<\/p>\n","protected":false},"author":1,"featured_media":12945,"comment_status":"open","ping_status":"open","sticky":false,"template":"","format":"standard","meta":[],"categories":[44],"tags":[],"_links":{"self":[{"href":"https:\/\/www.thevisitorpanama.info\/esp\/wp-json\/wp\/v2\/posts\/12944"}],"collection":[{"href":"https:\/\/www.thevisitorpanama.info\/esp\/wp-json\/wp\/v2\/posts"}],"about":[{"href":"https:\/\/www.thevisitorpanama.info\/esp\/wp-json\/wp\/v2\/types\/post"}],"author":[{"embeddable":true,"href":"https:\/\/www.thevisitorpanama.info\/esp\/wp-json\/wp\/v2\/users\/1"}],"replies":[{"embeddable":true,"href":"https:\/\/www.thevisitorpanama.info\/esp\/wp-json\/wp\/v2\/comments?post=12944"}],"version-history":[{"count":1,"href":"https:\/\/www.thevisitorpanama.info\/esp\/wp-json\/wp\/v2\/posts\/12944\/revisions"}],"predecessor-version":[{"id":12949,"href":"https:\/\/www.thevisitorpanama.info\/esp\/wp-json\/wp\/v2\/posts\/12944\/revisions\/12949"}],"wp:featuredmedia":[{"embeddable":true,"href":"https:\/\/www.thevisitorpanama.info\/esp\/wp-json\/wp\/v2\/media\/12945"}],"wp:attachment":[{"href":"https:\/\/www.thevisitorpanama.info\/esp\/wp-json\/wp\/v2\/media?parent=12944"}],"wp:term":[{"taxonomy":"category","embeddable":true,"href":"https:\/\/www.thevisitorpanama.info\/esp\/wp-json\/wp\/v2\/categories?post=12944"},{"taxonomy":"post_tag","embeddable":true,"href":"https:\/\/www.thevisitorpanama.info\/esp\/wp-json\/wp\/v2\/tags?post=12944"}],"curies":[{"name":"wp","href":"https:\/\/api.w.org\/{rel}","templated":true}]}}