{"id":12860,"date":"2023-04-25T21:30:44","date_gmt":"2023-04-26T02:30:44","guid":{"rendered":"http:\/\/www.thevisitorpanama.info\/esp\/?p=12860"},"modified":"2023-04-25T21:34:24","modified_gmt":"2023-04-26T02:34:24","slug":"la-iv-version-de-la-expoferia-mundial-de-la-zona-libre-de-colon-se-realizara-del-22-al-25-de-mayo","status":"publish","type":"post","link":"https:\/\/www.thevisitorpanama.info\/esp\/2023\/04\/25\/la-iv-version-de-la-expoferia-mundial-de-la-zona-libre-de-colon-se-realizara-del-22-al-25-de-mayo\/","title":{"rendered":"<strong>La IV Versi\u00f3n de la ExpoFeria Mundial de la Zona Libre de Col\u00f3n se Realizar\u00e1 del 22 al 25 de Mayo<\/strong>"},"content":{"rendered":"\n<p>La Asociaci\u00f3n de Usuarios de la Zona Libre de Col\u00f3n anunci\u00f3 la cuarta versi\u00f3n de la ExpoFeria Mundial, que se realizar\u00e1 del 22 al 25 de mayo de 2023 en el Centro de Convenciones Megapolis, de la Ciudad de Panam\u00e1.<\/p>\n\n\n\n<p>\u201cNosotros estamos esperando cerca de tres mil visitantes para esta feria. Hablar de las transacciones es muy anticipado, sin embargo, con la cantidad de visitantes esperamos que sea muy provechoso no solo en la comercializaci\u00f3n de productos, sino en el tur\u00edstico\u201d manifest\u00f3 el presidente de la Asociaci\u00f3n de Usuarios de la Zona Libre de Col\u00f3n, Severo Sousa.<\/p>\n\n\n\n<p>El evento que cuenta con el apoyo de la administraci\u00f3n de la Zona Libre de Col\u00f3n, ProPanam\u00e1 y Promtur se retoma despu\u00e9s de 23 a\u00f1os con la presencia confirmada de compradores de 24 pa\u00edses de Suram\u00e9rica, Centroam\u00e9rica y el Caribe.<\/p>\n\n\n\n<p>La actividad contar\u00e1 con el comercio a gran escala, brindando l\u00edneas de cr\u00e9ditos, variedad de productos, consolidaci\u00f3n de contenedores, env\u00edo de la mercanc\u00eda en forma r\u00e1pida y expedita, frecuencia de barco para el env\u00edo de contenedores, facilidad en env\u00edo de transferencia y cambio de divisa, variedad de productos y servicios de primera calidad.<\/p>\n","protected":false},"excerpt":{"rendered":"<p>La Asociaci\u00f3n de Usuarios de la Zona Libre de Col\u00f3n anunci\u00f3 la cuarta versi\u00f3n de la ExpoFeria Mundial, que se realizar\u00e1 del 22 al 25 de mayo de 2023 en el Centro de Convenciones Megapolis, de la Ciudad de Panam\u00e1. \u201cNosotros estamos esperando cerca de tres mil visitantes para esta feria. Hablar de las transacciones [&hellip;]<\/p>\n","protected":false},"author":1,"featured_media":12862,"comment_status":"open","ping_status":"open","sticky":false,"template":"","format":"standard","meta":[],"categories":[44],"tags":[],"_links":{"self":[{"href":"https:\/\/www.thevisitorpanama.info\/esp\/wp-json\/wp\/v2\/posts\/12860"}],"collection":[{"href":"https:\/\/www.thevisitorpanama.info\/esp\/wp-json\/wp\/v2\/posts"}],"about":[{"href":"https:\/\/www.thevisitorpanama.info\/esp\/wp-json\/wp\/v2\/types\/post"}],"author":[{"embeddable":true,"href":"https:\/\/www.thevisitorpanama.info\/esp\/wp-json\/wp\/v2\/users\/1"}],"replies":[{"embeddable":true,"href":"https:\/\/www.thevisitorpanama.info\/esp\/wp-json\/wp\/v2\/comments?post=12860"}],"version-history":[{"count":1,"href":"https:\/\/www.thevisitorpanama.info\/esp\/wp-json\/wp\/v2\/posts\/12860\/revisions"}],"predecessor-version":[{"id":12861,"href":"https:\/\/www.thevisitorpanama.info\/esp\/wp-json\/wp\/v2\/posts\/12860\/revisions\/12861"}],"wp:featuredmedia":[{"embeddable":true,"href":"https:\/\/www.thevisitorpanama.info\/esp\/wp-json\/wp\/v2\/media\/12862"}],"wp:attachment":[{"href":"https:\/\/www.thevisitorpanama.info\/esp\/wp-json\/wp\/v2\/media?parent=12860"}],"wp:term":[{"taxonomy":"category","embeddable":true,"href":"https:\/\/www.thevisitorpanama.info\/esp\/wp-json\/wp\/v2\/categories?post=12860"},{"taxonomy":"post_tag","embeddable":true,"href":"https:\/\/www.thevisitorpanama.info\/esp\/wp-json\/wp\/v2\/tags?post=12860"}],"curies":[{"name":"wp","href":"https:\/\/api.w.org\/{rel}","templated":true}]}}