{"id":12854,"date":"2023-04-25T21:21:03","date_gmt":"2023-04-26T02:21:03","guid":{"rendered":"http:\/\/www.thevisitorpanama.info\/esp\/?p=12854"},"modified":"2023-04-25T21:22:54","modified_gmt":"2023-04-26T02:22:54","slug":"proyecto-puerto-baru-recibe-cuestionamientos-sobre-reforestacion-y-acondicionamiento-del-rio","status":"publish","type":"post","link":"https:\/\/www.thevisitorpanama.info\/esp\/2023\/04\/25\/proyecto-puerto-baru-recibe-cuestionamientos-sobre-reforestacion-y-acondicionamiento-del-rio\/","title":{"rendered":"<strong>Proyecto Puerto Bar\u00fa, Recibe Cuestionamientos sobre Reforestaci\u00f3n y Acondicionamiento del R\u00edo<\/strong>"},"content":{"rendered":"\n<p>Este proyecto es una inversi\u00f3n privada de car\u00e1cter multimodal, tur\u00edstico, agropecuario y log\u00edstico que promete convertirse en la inversi\u00f3n privada m\u00e1s importante de la regi\u00f3n occidental de Panam\u00e1, aprovechando las diversidades tur\u00edsticas y productivas de la provincia para conectarlas de forma sostenible a nivel global.<\/p>\n\n\n\n<p>Una iniciativa de inversionistas estadounidenses que proyectan conectar productos y experiencias a trav\u00e9s de rutas de los mares, convirti\u00e9ndose en el \u00fanico puerto del Pac\u00edfico entre el Canal de Panam\u00e1 y Costa Rica.<\/p>\n\n\n\n<p>El Ministerio de Ambiente (MiAmbiente) advierti\u00f3 en su Informe T\u00e9cnico DICOMAR 011-2023, que el Puerto Bar\u00fa, que por las dimensiones objetivo de los barcos (Panamax) se exigir\u00e1 un acondicionamiento del r\u00edo mediante dragado y luego, un programa de mantenimiento para alcanzar las profundidades establecidas de 12 metros. Adem\u00e1s, no se da mayores detalles sobre la reforestaci\u00f3n de manglar.<\/p>\n","protected":false},"excerpt":{"rendered":"<p>Este proyecto es una inversi\u00f3n privada de car\u00e1cter multimodal, tur\u00edstico, agropecuario y log\u00edstico que promete convertirse en la inversi\u00f3n privada m\u00e1s importante de la regi\u00f3n occidental de Panam\u00e1, aprovechando las diversidades tur\u00edsticas y productivas de la provincia para conectarlas de forma sostenible a nivel global. Una iniciativa de inversionistas estadounidenses que proyectan conectar productos y [&hellip;]<\/p>\n","protected":false},"author":1,"featured_media":12855,"comment_status":"open","ping_status":"open","sticky":false,"template":"","format":"standard","meta":[],"categories":[44],"tags":[],"_links":{"self":[{"href":"https:\/\/www.thevisitorpanama.info\/esp\/wp-json\/wp\/v2\/posts\/12854"}],"collection":[{"href":"https:\/\/www.thevisitorpanama.info\/esp\/wp-json\/wp\/v2\/posts"}],"about":[{"href":"https:\/\/www.thevisitorpanama.info\/esp\/wp-json\/wp\/v2\/types\/post"}],"author":[{"embeddable":true,"href":"https:\/\/www.thevisitorpanama.info\/esp\/wp-json\/wp\/v2\/users\/1"}],"replies":[{"embeddable":true,"href":"https:\/\/www.thevisitorpanama.info\/esp\/wp-json\/wp\/v2\/comments?post=12854"}],"version-history":[{"count":1,"href":"https:\/\/www.thevisitorpanama.info\/esp\/wp-json\/wp\/v2\/posts\/12854\/revisions"}],"predecessor-version":[{"id":12856,"href":"https:\/\/www.thevisitorpanama.info\/esp\/wp-json\/wp\/v2\/posts\/12854\/revisions\/12856"}],"wp:featuredmedia":[{"embeddable":true,"href":"https:\/\/www.thevisitorpanama.info\/esp\/wp-json\/wp\/v2\/media\/12855"}],"wp:attachment":[{"href":"https:\/\/www.thevisitorpanama.info\/esp\/wp-json\/wp\/v2\/media?parent=12854"}],"wp:term":[{"taxonomy":"category","embeddable":true,"href":"https:\/\/www.thevisitorpanama.info\/esp\/wp-json\/wp\/v2\/categories?post=12854"},{"taxonomy":"post_tag","embeddable":true,"href":"https:\/\/www.thevisitorpanama.info\/esp\/wp-json\/wp\/v2\/tags?post=12854"}],"curies":[{"name":"wp","href":"https:\/\/api.w.org\/{rel}","templated":true}]}}