{"id":12765,"date":"2023-04-24T14:40:27","date_gmt":"2023-04-24T19:40:27","guid":{"rendered":"http:\/\/www.thevisitorpanama.info\/esp\/?p=12765"},"modified":"2023-04-24T14:56:15","modified_gmt":"2023-04-24T19:56:15","slug":"aristides-burgos-villarreal-el-folclore-debe-promoverse-no-como-un-asunto-cosmetico-sino-como-parte-del-desarrollo-nacional","status":"publish","type":"post","link":"https:\/\/www.thevisitorpanama.info\/esp\/2023\/04\/24\/aristides-burgos-villarreal-el-folclore-debe-promoverse-no-como-un-asunto-cosmetico-sino-como-parte-del-desarrollo-nacional\/","title":{"rendered":"Ar\u00edstides Burgos Villarreal: &#8220;El folclore debe promoverse no como un asunto cosm\u00e9tico, sino como parte del desarrollo nacional&#8221;"},"content":{"rendered":"\n<p>Nuestro invitado especial es oriundo de la Villa de Los Santos y considerado uno de los folcloristas m\u00e1s respetados de Panam\u00e1.\u00a0 Inici\u00f3 su carrera bailando en el Conjunto Nacional del ex Instituto Nacional de Cultura (actualmente MiCultura), y despu\u00e9s ampli\u00f3 su experiencia formando su propio grupo de baile. Se especializ\u00f3 en arte, folclore y producci\u00f3n de televisi\u00f3n. Con el tiempo nuestro multifac\u00e9tico invitado decide fundar y crear la Escuela Nacional de Folclore de Panam\u00e1, as\u00ed como llevar las riendas de la fiesta del Corpus Christi en la Villa de Los Santos, una de las festividades religiosas y culturales m\u00e1s importantes del pa\u00eds.<\/p>\n\n\n\n<figure class=\"wp-block-image size-full is-resized\"><img decoding=\"async\" loading=\"lazy\" src=\"http:\/\/www.thevisitorpanama.info\/esp\/wp-content\/uploads\/2023\/04\/Compress_20230424_144346_6963.jpg\" alt=\"\" class=\"wp-image-12769\" width=\"503\" height=\"534\" srcset=\"https:\/\/www.thevisitorpanama.info\/esp\/wp-content\/uploads\/2023\/04\/Compress_20230424_144346_6963.jpg 1632w, https:\/\/www.thevisitorpanama.info\/esp\/wp-content\/uploads\/2023\/04\/Compress_20230424_144346_6963-768x816.jpg 768w, https:\/\/www.thevisitorpanama.info\/esp\/wp-content\/uploads\/2023\/04\/Compress_20230424_144346_6963-1446x1536.jpg 1446w\" sizes=\"(max-width: 503px) 100vw, 503px\" \/><figcaption class=\"wp-element-caption\">Profesor Ar\u00edstides Burgos Villareal <\/figcaption><\/figure>\n\n\n\n<p>Ar\u00edstides Burgos Villareal cuenta con m\u00e1s de 100 reconocimientos de folclore tanto a nivel nacional como internacional, entre estos el premio Dora P\u00e9rez de Z\u00e1rate. La lista de logros en su vida es aun m\u00e1s larga, y en esta ocasi\u00f3n se toma un tiempo para compartir con el equipo de The Visitor- El Visitante sus pensamientos acerca del folclore, las tradiciones y el turismo como motor para elevar nuestra cultura en la sociedad y proyectarla a nivel internacional.<\/p>\n\n\n\n<p><strong>\u00bfPorqu\u00e9 es tan importante para un pa\u00eds preservar su cultura y tradiciones?<\/strong><\/p>\n\n\n\n<p>\u201cHay valores como la identidad, el reforzamiento de la nacionalidad, valoraci\u00f3n de la historia, el perfil de pertenencia que generan la cultura y tradiciones para un pa\u00eds, adem\u00e1s de ello, la cultura representa un elemento de Desarrollo Integral para los pueblos, comunidades, regiones y Naciones del Mundo. De all\u00ed que la\u00a0importancia que reviste la cultura (los rasgos que identifican a cada ser humano y a su entorno, individuos, grupos, colectivos o comunidades) se reflejan como un elemento cuyo uso y aplicaci\u00f3n se puede dar en la vida actual y moderna, pues el folclore constituye una serie de &#8220;experiencias superadas&#8221; y esto es utilizable en el desarrollo integral de las misma.\u201d<\/p>\n\n\n\n<figure class=\"wp-block-image size-full is-resized\"><img decoding=\"async\" loading=\"lazy\" src=\"http:\/\/www.thevisitorpanama.info\/esp\/wp-content\/uploads\/2023\/04\/cultura-presupuesto.jpg\" alt=\"\" class=\"wp-image-12771\" width=\"478\" height=\"290\"\/><figcaption class=\"wp-element-caption\">Profesor Ar\u00edstides Burgos Villareal<\/figcaption><\/figure>\n\n\n\n<p><strong>\u00bfCu\u00e1les son las tradiciones que com\u00fanmente se promueven m\u00e1s tanto a paname\u00f1os como a turistas y las que tienen un gran potencial pero que pocos realmente conocen?<\/strong><\/p>\n\n\n\n<p>\u201cEs importante se\u00f1alar que todo lo folcl\u00f3rico es parte de lo tradicional, pero no todo lo tradicional es folclore. Por tanto, hablar\u00e9 de las expresiones del folclore paname\u00f1o, las cuales mayormente son expuestas a nacionales como extranjeros, los bailes, las danzas, la m\u00fasica, la indumentaria, artesan\u00edas, instrumentos musicales y ciertamente la gastronom\u00eda popular. Todas ellas como manifestaciones a las cuales se les da una mayor importancia y exposici\u00f3n.&nbsp; De cierto que en la cultura material podemos encontrar la vivienda tradicional y su evoluci\u00f3n, t\u00e9cnicas de adquisici\u00f3n, t\u00e9cnicas transformadoras, el transporte; en la cultura social encontramos usos y costumbres, lenguaje, comunicaci\u00f3n y en el rubro de la cultura mental espiritual, existen rituales, conocimientos emp\u00edricos, cosmovisi\u00f3n, entre otros aspectos que muy poco son abordados para la promoci\u00f3n Tur\u00edstica.\u201d<\/p>\n\n\n\n<p><strong>\u00bfQu\u00e9 tipo de inversi\u00f3n y proyecto se requiere en el pa\u00eds para asegurar la preservaci\u00f3n de nuestras tradiciones y su adecuada promoci\u00f3n en todas sus capas?<\/strong><\/p>\n\n\n\n<p>\u201cSe requiere una pol\u00edtica\u00a0cultural contundente en base primeramente, a darle cumplimiento al Mandato Constitucional expuesto en el art\u00edculo\u00a0n\u00famero 87 de nuestra Carta Magna, donde el folclore se debe &#8220;estudiar, conservar y divulgar&#8221; y como brazo ejecutor del Estado Paname\u00f1o le corresponde al Ministerio de Cultura a trav\u00e9s de su unidad denominada Direcci\u00f3n Nacional de Folclore, sin embargo se precisa de la construcci\u00f3n y el cumplimiento de estas Pol\u00edticas claras y contundentes. Por otro lado, la Sociedad Civil Organizada en Panam\u00e1, vinculada al folclore, mantiene un gran inter\u00e9s, por lo que se requieren tambi\u00e9n pol\u00edticas de orientaci\u00f3n y de apoyo\u00a0a estas entidades para mejor gesti\u00f3n del Patrimonio Cultural inserto en las expresiones folcl\u00f3ricas.\u201d<\/p>\n\n\n\n<figure class=\"wp-block-image size-full\"><img decoding=\"async\" loading=\"lazy\" width=\"552\" height=\"668\" src=\"http:\/\/www.thevisitorpanama.info\/esp\/wp-content\/uploads\/2023\/04\/IMG-20230413-WA0006.jpg\" alt=\"\" class=\"wp-image-12773\"\/><figcaption class=\"wp-element-caption\">Profesor Ar\u00edstides Burgos Villareal<\/figcaption><\/figure>\n\n\n\n<p><strong>\u00bfEn qu\u00e9 segmentos la cultura paname\u00f1a se diferencia en t\u00e9rminos generales de las culturas de otros pa\u00edses en la regi\u00f3n&nbsp;Centroam\u00e9rica y el Caribe?&nbsp;<\/strong><\/p>\n\n\n\n<p>\u201cLa cultura es regional y Panam\u00e1 pertenece a dicha regi\u00f3n geogr\u00e1fica. Existen rasgos m\u00ednimos que diferencian una expresi\u00f3n de otra, que solamente los portadores de dichas tradiciones pueden identificar claramente, aunque en el caso de Panam\u00e1, la Diversidad Cultural ha logrado una pluriculturalidad que muy pocos otros pa\u00edses poseen y que son producto de nuestra raz\u00f3n de siempre como &#8220;pa\u00eds de tr\u00e1nsito.\u201d<\/p>\n\n\n\n<p><strong>\u00bfQu\u00e9 proyecto nacional usted aconsejar\u00eda realizar para que los turistas lo puedan experimentar al estar en nuestro pa\u00eds?<\/strong><\/p>\n\n\n\n<p>\u201cComo Proyecto Nacional, llevo a\u00f1os promoviendo un Palacio Nacional de la Pollera Paname\u00f1a. Incrementar Salas de Folclore en los museos a nivel nacional, pero los criterios de los expertos en museos a veces consideran eliminar lo folcl\u00f3rico y reemplazarlo por otros aspectos de la cultura, cuando lo folcl\u00f3rico le dar\u00eda una l\u00ednea clara a los visitantes\u201d.<\/p>\n\n\n\n<p><strong>\u00bfQu\u00e9 tan importante es crear campa\u00f1as de publicidad donde el elemento m\u00e1s importante es la promoci\u00f3n de las tradiciones y el folclore?<\/strong><\/p>\n\n\n\n<p>\u201cEl folclore debe estar inserto no como un asunto aleatorio o meramente cosm\u00e9tico de adorno. El folclore debe promoverse como parte del Desarrollo Nacional, algunos cargos vinculados al folclore desde la gesti\u00f3n oficial o privada, a veces no est\u00e1n en manos de personal id\u00f3neo que tenga la visi\u00f3n esta y se enrumban las campa\u00f1as y procesos de gesti\u00f3n en aspectos que en vez de fortalecerse, se diluyen. La importancia que reviste el folclore dentro de campa\u00f1as nacionales e internacionales est\u00e1 en la venta como un elemento de desarrollo del pa\u00eds, pero la visi\u00f3n interna de las autoridades es otra que no va con esa l\u00ednea. (Veamos el ejemplo del crecimiento econ\u00f3mico que genera el Desfile de la Mil Polleras y este evento se vende con esa finalidad de desarrollo econ\u00f3mico y manifest\u00f3, para un bien cultural como lo es La Pollera Paname\u00f1a).\u201d<\/p>\n\n\n\n<figure class=\"wp-block-image size-full\"><img decoding=\"async\" loading=\"lazy\" width=\"721\" height=\"1600\" src=\"http:\/\/www.thevisitorpanama.info\/esp\/wp-content\/uploads\/2023\/04\/IMG-20230413-WA0007.jpg\" alt=\"\" class=\"wp-image-12774\" srcset=\"https:\/\/www.thevisitorpanama.info\/esp\/wp-content\/uploads\/2023\/04\/IMG-20230413-WA0007.jpg 721w, https:\/\/www.thevisitorpanama.info\/esp\/wp-content\/uploads\/2023\/04\/IMG-20230413-WA0007-692x1536.jpg 692w\" sizes=\"(max-width: 721px) 100vw, 721px\" \/><figcaption class=\"wp-element-caption\">Profesor Ar\u00edstides Burgos Villareal<\/figcaption><\/figure>\n\n\n\n<p><strong>\u00bfCu\u00e1les aspectos de nuestra cultura son los que m\u00e1s impactan positivamente en los turistas ya sea local o internacional?<\/strong><\/p>\n\n\n\n<p>\u201cLa diversidad cultural paname\u00f1a es lo que m\u00e1s impacta. Ver en una franja geogr\u00e1fica insertos elementos con ra\u00edces africanas, elementos ind\u00edgenas puros y mezclados, una cultura criolla propiamente dicha, y minor\u00edas \u00e9tnicas que generan un &#8220;Crisol de Razas&#8221;, una amalgama cultural que vale la pena descubrir&nbsp;en Panam\u00e1.\u201d<\/p>\n\n\n\n<p>&nbsp;Fotos cortes\u00eda: Ar\u00edstides Burgos Villarreal<\/p>\n","protected":false},"excerpt":{"rendered":"<p>Nuestro invitado especial es oriundo de la Villa de Los Santos y considerado uno de los folcloristas m\u00e1s respetados de Panam\u00e1.\u00a0 Inici\u00f3 su carrera bailando en el Conjunto Nacional del ex Instituto Nacional de Cultura (actualmente MiCultura), y despu\u00e9s ampli\u00f3 su experiencia formando su propio grupo de baile. Se especializ\u00f3 en arte, folclore y producci\u00f3n [&hellip;]<\/p>\n","protected":false},"author":1,"featured_media":12767,"comment_status":"open","ping_status":"open","sticky":false,"template":"","format":"standard","meta":[],"categories":[1],"tags":[],"_links":{"self":[{"href":"https:\/\/www.thevisitorpanama.info\/esp\/wp-json\/wp\/v2\/posts\/12765"}],"collection":[{"href":"https:\/\/www.thevisitorpanama.info\/esp\/wp-json\/wp\/v2\/posts"}],"about":[{"href":"https:\/\/www.thevisitorpanama.info\/esp\/wp-json\/wp\/v2\/types\/post"}],"author":[{"embeddable":true,"href":"https:\/\/www.thevisitorpanama.info\/esp\/wp-json\/wp\/v2\/users\/1"}],"replies":[{"embeddable":true,"href":"https:\/\/www.thevisitorpanama.info\/esp\/wp-json\/wp\/v2\/comments?post=12765"}],"version-history":[{"count":3,"href":"https:\/\/www.thevisitorpanama.info\/esp\/wp-json\/wp\/v2\/posts\/12765\/revisions"}],"predecessor-version":[{"id":12775,"href":"https:\/\/www.thevisitorpanama.info\/esp\/wp-json\/wp\/v2\/posts\/12765\/revisions\/12775"}],"wp:featuredmedia":[{"embeddable":true,"href":"https:\/\/www.thevisitorpanama.info\/esp\/wp-json\/wp\/v2\/media\/12767"}],"wp:attachment":[{"href":"https:\/\/www.thevisitorpanama.info\/esp\/wp-json\/wp\/v2\/media?parent=12765"}],"wp:term":[{"taxonomy":"category","embeddable":true,"href":"https:\/\/www.thevisitorpanama.info\/esp\/wp-json\/wp\/v2\/categories?post=12765"},{"taxonomy":"post_tag","embeddable":true,"href":"https:\/\/www.thevisitorpanama.info\/esp\/wp-json\/wp\/v2\/tags?post=12765"}],"curies":[{"name":"wp","href":"https:\/\/api.w.org\/{rel}","templated":true}]}}