{"id":12388,"date":"2022-11-29T17:18:07","date_gmt":"2022-11-29T22:18:07","guid":{"rendered":"http:\/\/thevisitorpanama.net\/esp\/?p=12388"},"modified":"2023-02-27T15:13:25","modified_gmt":"2023-02-27T20:13:25","slug":"liriola-pitty-panama-tiene-que-salir-al-mundo-unida-con-una-sola-imagen-que-identifique-nuestra-identidad-nacional","status":"publish","type":"post","link":"https:\/\/www.thevisitorpanama.info\/esp\/2022\/11\/29\/liriola-pitty-panama-tiene-que-salir-al-mundo-unida-con-una-sola-imagen-que-identifique-nuestra-identidad-nacional\/","title":{"rendered":"Liriola Pitty:  \u201cPanam\u00e1 tiene que salir al Mundo unida con una sola imagen que identifique nuestra identidad nacional\u201d"},"content":{"rendered":"\n<p>Nuestra\ninvitada especial para esta nueva edici\u00f3n es una l\u00edder con visi\u00f3n estrat\u00e9gica\norientada a resultados. Cuenta con experiencia en los m\u00e1s altos niveles de\nempresas privadas y gubernamentales. <\/p>\n\n\n\n<p>Tambi\u00e9n\nfue Directora General del Fondo de Promoci\u00f3n Tur\u00edstica Internacional de Panam\u00e1 y\nresponsable de la puesta en marcha de esta organizaci\u00f3n, as\u00ed como la\nplanificaci\u00f3n, el dise\u00f1o y la ejecuci\u00f3n de estrategias de comercializaci\u00f3n y\nejecuci\u00f3n de dos campa\u00f1as de promoci\u00f3n internacional, entre muchas otras responsabilidades\ndel m\u00e1s alto nivel.<\/p>\n\n\n\n<p>Con una\nMaestr\u00eda en Coaching y Liderazgo Personal en la Universidad de Barcelona, \u200b\u200by\nuna licenciatura en Administraci\u00f3n de Empresas de Centenary University, New\nJersey (USA), Liriola Pitty ha trabajado para fomentar el avance de las mujeres\nen los negocios y es miembro de la Junta Directiva de la Cruz Roja de Panam\u00e1\n(Comit\u00e9 Central).<\/p>\n\n\n\n<figure class=\"wp-block-image\"><img decoding=\"async\" loading=\"lazy\" width=\"1132\" height=\"1600\" src=\"https:\/\/thevisitorpanama.net\/esp\/wp-content\/uploads\/2022\/11\/IMG-20221120-WA0006.jpg\" alt=\"\" class=\"wp-image-12392\" srcset=\"https:\/\/www.thevisitorpanama.info\/esp\/wp-content\/uploads\/2022\/11\/IMG-20221120-WA0006.jpg 1132w, https:\/\/www.thevisitorpanama.info\/esp\/wp-content\/uploads\/2022\/11\/IMG-20221120-WA0006-768x1086.jpg 768w\" sizes=\"(max-width: 1132px) 100vw, 1132px\" \/><\/figure>\n\n\n\n<p>Oriunda\nde Chiriqu\u00ed, Liriola Pitty hoy en d\u00eda es directora ejecutiva del programa\nRe-Act\u00edvate Panam\u00e1 que trabaja en el impulso de la alianza para el\nemprendimiento y la innovaci\u00f3n en todo el pa\u00eds, y en entrevista exclusiva le\nhabla a The Visitor\/El Visitante acerca del emprendimiento, el turismo y la\nimportancia de la familia para el pa\u00eds.<\/p>\n\n\n\n<p><strong>\u00bfC\u00f3mo Panam\u00e1 esta\ntrabajando para marcar la diferencia en el turismo y c\u00f3mo ha evolucionado su industria?<\/strong><\/p>\n\n\n\n<p>\u201cEl turismo ha cambiado much\u00edsimo en comparaci\u00f3n a cuando yo fui directora\ndel IPAT hace veinte a\u00f1os, la industria paname\u00f1a ha evolucionado positivamente,\nse han creado una cantidad muy importante de nuevos desarrollos, no solamente\nen temas de hoteles sino tambi\u00e9n en puertos de cruceros y en aeropuertos. El\nmercado actual de Panam\u00e1 es totalmente diferente, y obviamente todos los\nincentivos que se han dado para que esto sea as\u00ed han tenido un resultado\npositivo en cuanto al desarrollo de infraestructura. No es lo mismo en otras\n\u00e1reas, pero el desarrollo en la infraestructura s\u00ed ha sido muy extraordinario.\u201d<\/p>\n\n\n\n<figure class=\"wp-block-image\"><img decoding=\"async\" loading=\"lazy\" width=\"1024\" height=\"621\" src=\"https:\/\/thevisitorpanama.net\/esp\/wp-content\/uploads\/2022\/11\/IMG-20221120-WA0003.jpg\" alt=\"\" class=\"wp-image-12393\" srcset=\"https:\/\/www.thevisitorpanama.info\/esp\/wp-content\/uploads\/2022\/11\/IMG-20221120-WA0003.jpg 1024w, https:\/\/www.thevisitorpanama.info\/esp\/wp-content\/uploads\/2022\/11\/IMG-20221120-WA0003-768x466.jpg 768w\" sizes=\"(max-width: 1024px) 100vw, 1024px\" \/><\/figure>\n\n\n\n<p><strong>Usted est\u00e1 administrando el programa Re-Act\u00edvate Panam\u00e1, una\niniciativa internacional que busca el desarrollo sostenible del turismo. \u00bfQu\u00e9\nla motivo a formar parte de este proyecto? <\/strong><\/p>\n\n\n\n<p>\u201cComo directora ejecutiva de la alianza para el\nemprendimiento y la innovaci\u00f3n de Panam\u00e1, siento gran satisfacci\u00f3n del programa\nRe-Act\u00edvate Turismo, en este caso,\nenfocado en una zona del pa\u00eds. Es un proyecto piloto que pretendemos\nreplicar en otras \u00e1reas y me motiva much\u00edsimo formar parte de este proyecto\nporque no es solamente en el \u00e1mbito del turismo per se lo que nosotros estamos\ntrabajando, tambi\u00e9n trabajamos en temas de emprendimiento de incorporaci\u00f3n al\nmercado y a la econom\u00eda nacional. Esos peque\u00f1os hostales, actividades\ntur\u00edsticas, gu\u00edas de turismo, esas actividades que son fabulosas en las\ncomunidades y en los pueblos que no han tenido la oportunidad de desarrollarse\na mayor nivel y de tener la gu\u00eda para organizar su actividad econ\u00f3mica de\nmanera que sea rentable y tenga a la vez un mercadeo y una promoci\u00f3n adecuada. Este\nproyecto piloto de React\u00edvate Panam\u00e1 Turismo en la provincia de Herrera y Los Santos\ndebe culminar en unos ocho meses y es cuando veremos los resultados y podremos\nmedir si nuestro esfuerzo ha tenido ese desarrollo al que estamos apostando.\u201d<\/p>\n\n\n\n<p><strong>En el programa Re Act\u00edvate Panam\u00e1 se seleccion\u00f3 a Pedas\u00ed\ncomo plan piloto, \u00bfqu\u00e9\nan\u00e1lisis llev\u00f3 para ser seleccionada, qu\u00e9 buscan desarrollar?<\/strong><\/p>\n\n\n\n<p>\u201cEl an\u00e1lisis que se llev\u00f3 a cabo para escoger la zona del\nprograma React\u00edvate Panam\u00e1 Turismo estuvo enfocado a los efectos de la pandemia\nen alguna de las \u00e1reas econ\u00f3micas del pa\u00eds. Se defini\u00f3 en un estudio hecho por\nun consultor externo que\nlas \u00e1reas econ\u00f3micas m\u00e1s sufridas eran el turismo y el agro, y particularmente\nel turismo en las provincias de Herrera y Los Santos y el agro en Chiriqu\u00ed. Es\npor eso que estos dos programas de el sector privado desarrollados a trav\u00e9s de AIE Panam\u00e1 para impulsar\nestas actividades tan importantes, se est\u00e1 desarrollando en dos regiones: &nbsp;turismo en Pedas\u00ed y agro en Chiriqu\u00ed, tierras\naltas.\u201d<\/p>\n\n\n\n<figure class=\"wp-block-image\"><img decoding=\"async\" loading=\"lazy\" width=\"768\" height=\"1024\" src=\"https:\/\/thevisitorpanama.net\/esp\/wp-content\/uploads\/2022\/11\/IMG-20221120-WA0007.jpg\" alt=\"\" class=\"wp-image-12394\"\/><\/figure>\n\n\n\n<p><strong>Usted es madre, un\ncompromiso de vida que abarca todos los aspectos de la sociedad, \u00bfc\u00f3mo usted ve el rol\nde las madres dentro del emprendimiento tur\u00edstico buscando una mejor vida para\nellas y sus hijos?<\/strong><\/p>\n\n\n\n<p>\u201cS\u00ed, soy orgullosamente madre y abuela tambi\u00e9n. As\u00ed que me\nencanta la oportunidad que me ha dado Dios y la vida de poder guiar a mis hijas\nen ese rol de que hoy d\u00eda ellas tambi\u00e9n son madres, tambi\u00e9n buscan lo mejor para sus hijas. En este\nsentido y en el tema del emprendimiento lo mejor es creo yo, comunicar con el\nejemplo y poder ser una persona emprendedora, luchadora, trabajadora, alegre,\nentusiasta, apasionada y feliz. Creo que esas son las condiciones que como\nmadre suponen ser ejemplo para mis hijas y es un tema dif\u00edcil porque no siempre\nlo hacemos todo bien, he cometido muchos errores y trato de enmendarlos cada\nd\u00eda y ser mejor persona, mujer y obviamente mejor madre.\u201d<\/p>\n\n\n\n<p><strong>\u00bfQu\u00e9 debe de hacer la industria tur\u00edstica para apoyar a las\nmadres a que tengan un mejor balance entre su responsabilidad de madre y el de\nsu emprendimiento o trabajo? <\/strong><\/p>\n\n\n\n<p>\u201cYo considero que ese rol vital que tenemos las madres en el\ndesarrollo de la sociedad debe impulsar a la juventud a ser honesta, leal,\napasionada, a tener objetivos claros, a ser emprendedores, responsables. A saber, que es posible\ntrabajar, ser madre, guiar, divertirse, y es posible combinarlo todo y\nejecutarlo de manera positiva, al menos lo mejor que cada uno puede, y con esto\naportar al desarrollo de nuestra sociedad y nuestro pa\u00eds. Particularmente en la\nindustria tur\u00edstica, pues creo como en cualquiera otra actividad las madres\ntenemos un rol importante y tal vez ser\u00e1 el de apreciar la belleza de nuestro\npa\u00eds, darla a conocer, valorarla y poder tener esa mirada buena y clara que no\nsolo ve esa parte negativa, sino que destaca lo positivo y trata de enmendar lo\nque no est\u00e1 bien.\u201d<\/p>\n\n\n\n<figure class=\"wp-block-image\"><img decoding=\"async\" loading=\"lazy\" width=\"1024\" height=\"768\" src=\"https:\/\/thevisitorpanama.net\/esp\/wp-content\/uploads\/2022\/11\/IMG-20221120-WA0004.jpg\" alt=\"\" class=\"wp-image-12395\" srcset=\"https:\/\/www.thevisitorpanama.info\/esp\/wp-content\/uploads\/2022\/11\/IMG-20221120-WA0004.jpg 1024w, https:\/\/www.thevisitorpanama.info\/esp\/wp-content\/uploads\/2022\/11\/IMG-20221120-WA0004-768x576.jpg 768w\" sizes=\"(max-width: 1024px) 100vw, 1024px\" \/><\/figure>\n\n\n\n<p>&nbsp;<strong>Su experiencia en la promoci\u00f3n\ntur\u00edstica tanto local\ncomo internacional le permite tener una visi\u00f3n clara de lo que al pa\u00eds le falta por\ntrabajar para alcanzar a otros pa\u00edses en la regi\u00f3n a nivel tur\u00edstico. \u00bfCu\u00e1les\nson las tareas pendientes?<\/strong><\/p>\n\n\n\n<p>\u201cProbablemente en promoci\u00f3n internacional lo que nos hace falta, es tener una identidad clara, sobre todo una marca reconocida que no est\u00e9 cambiando cada vez que cambia o se le antoja al director de la Autoridad de Turismo como ha pasado lamentablemente este a\u00f1o, y que tengan una identidad definida y unificada entre PROMTUR y la Autoridad de Turismo de Panam\u00e1, que sea un solo nombre. Panam\u00e1 tiene que salir al Mundo unida en un solo dise\u00f1o de imagen que pueda ser reconocida r\u00e1pidamente que revele y identifique nuestra identidad nacional. En cuanto al tema de promoci\u00f3n obviamente hace falta que sea sostenido en el tiempo con los presupuestos adecuados y que tenga la relevancia de nuestros mayores atractivos tur\u00edsticos y la oferta tur\u00edstica maravillosa de este pa\u00eds.\u201d<\/p>\n\n\n\n<p><\/p>\n\n\n\n<figure class=\"wp-block-image\"><img decoding=\"async\" loading=\"lazy\" width=\"768\" height=\"1024\" src=\"https:\/\/thevisitorpanama.net\/esp\/wp-content\/uploads\/2022\/11\/IMG-20221120-WA0008.jpg\" alt=\"\" class=\"wp-image-12396\"\/><\/figure>\n\n\n\n<p>Fotos cortes\u00eda: Liriola Pitty<\/p>\n","protected":false},"excerpt":{"rendered":"<p>Nuestra invitada especial para esta nueva edici\u00f3n es una l\u00edder con visi\u00f3n estrat\u00e9gica orientada a resultados. Cuenta con experiencia en los m\u00e1s altos niveles de empresas privadas y gubernamentales. Tambi\u00e9n fue Directora General del Fondo de Promoci\u00f3n Tur\u00edstica Internacional de Panam\u00e1 y responsable de la puesta en marcha de esta organizaci\u00f3n, as\u00ed como la planificaci\u00f3n, [&hellip;]<\/p>\n","protected":false},"author":1,"featured_media":12667,"comment_status":"open","ping_status":"open","sticky":false,"template":"","format":"standard","meta":[],"categories":[1],"tags":[],"_links":{"self":[{"href":"https:\/\/www.thevisitorpanama.info\/esp\/wp-json\/wp\/v2\/posts\/12388"}],"collection":[{"href":"https:\/\/www.thevisitorpanama.info\/esp\/wp-json\/wp\/v2\/posts"}],"about":[{"href":"https:\/\/www.thevisitorpanama.info\/esp\/wp-json\/wp\/v2\/types\/post"}],"author":[{"embeddable":true,"href":"https:\/\/www.thevisitorpanama.info\/esp\/wp-json\/wp\/v2\/users\/1"}],"replies":[{"embeddable":true,"href":"https:\/\/www.thevisitorpanama.info\/esp\/wp-json\/wp\/v2\/comments?post=12388"}],"version-history":[{"count":2,"href":"https:\/\/www.thevisitorpanama.info\/esp\/wp-json\/wp\/v2\/posts\/12388\/revisions"}],"predecessor-version":[{"id":12397,"href":"https:\/\/www.thevisitorpanama.info\/esp\/wp-json\/wp\/v2\/posts\/12388\/revisions\/12397"}],"wp:featuredmedia":[{"embeddable":true,"href":"https:\/\/www.thevisitorpanama.info\/esp\/wp-json\/wp\/v2\/media\/12667"}],"wp:attachment":[{"href":"https:\/\/www.thevisitorpanama.info\/esp\/wp-json\/wp\/v2\/media?parent=12388"}],"wp:term":[{"taxonomy":"category","embeddable":true,"href":"https:\/\/www.thevisitorpanama.info\/esp\/wp-json\/wp\/v2\/categories?post=12388"},{"taxonomy":"post_tag","embeddable":true,"href":"https:\/\/www.thevisitorpanama.info\/esp\/wp-json\/wp\/v2\/tags?post=12388"}],"curies":[{"name":"wp","href":"https:\/\/api.w.org\/{rel}","templated":true}]}}