{"id":12377,"date":"2022-11-29T17:04:12","date_gmt":"2022-11-29T22:04:12","guid":{"rendered":"http:\/\/thevisitorpanama.net\/esp\/?p=12377"},"modified":"2023-02-27T15:14:06","modified_gmt":"2023-02-27T20:14:06","slug":"michael-chen-el-cambio-comienza-por-mi-la-nueva-actitud-de-colon-para-afrontar-desafios-y-generar-desarrollo","status":"publish","type":"post","link":"https:\/\/www.thevisitorpanama.info\/esp\/2022\/11\/29\/michael-chen-el-cambio-comienza-por-mi-la-nueva-actitud-de-colon-para-afrontar-desafios-y-generar-desarrollo\/","title":{"rendered":"Michael Chen:  \u201cEl Cambio Comienza Por Mi\u201d, la Nueva Actitud de Col\u00f3n para Afrontar Desaf\u00edos y Generar Desarrollo\u201d"},"content":{"rendered":"\n<p>Este articulo\nexclusivo con Michael Chen, (Presidente de la C\u00e1mara de Comercio, Industrias y\nAgricultura de Col\u00f3n) es la segunda parte de un reportaje que busca plasmar la\nrealidad de una Provincia que ha sido desfavorecida hist\u00f3ricamente en m\u00faltiples\naspectos, pero que empieza a resurgir como el ave F\u00e9nix, con una nueva\nmentalidad y coherencia. <\/p>\n\n\n\n<p>La primera\nparte estuvo enfocada en las problem\u00e1ticas que afronta la provincia y la nueva\nactitud que se requiere. Esta segunda entrega busca mostrar a la luz los\nplanes, programas y proyectos que se est\u00e1n realizando y estar\u00e1n por ejecutarse\ndentro de la nueva actitud para enfrentar los grandes desaf\u00edos de la provincia.\n<\/p>\n\n\n\n<figure class=\"wp-block-image\"><img decoding=\"async\" loading=\"lazy\" width=\"1200\" height=\"964\" src=\"https:\/\/thevisitorpanama.net\/esp\/wp-content\/uploads\/2022\/11\/Compress_20221128_202112_2136-1.jpg\" alt=\"\" class=\"wp-image-12379\" srcset=\"https:\/\/www.thevisitorpanama.info\/esp\/wp-content\/uploads\/2022\/11\/Compress_20221128_202112_2136-1.jpg 1200w, https:\/\/www.thevisitorpanama.info\/esp\/wp-content\/uploads\/2022\/11\/Compress_20221128_202112_2136-1-768x617.jpg 768w\" sizes=\"(max-width: 1200px) 100vw, 1200px\" \/><\/figure>\n\n\n\n<p>Durante la\nVisita del equipo The Visitor, nuestro invitado dedic\u00f3 su tiempo y esfuerzo a\ncontar la historia del edificio que alberga a esta organizaci\u00f3n (antigua sede\nde la embajada de Inglaterra), as\u00ed como en realizar un \u201ctour\u201d exclusivo por las\nimpresionantes instalaciones del centro comercial Col\u00f3n Duty Free. Tambi\u00e9n invirti\u00f3\nsu valioso tiempo recorriendo las calles de la Ciudad de Col\u00f3n describiendo su\nhistoria, los proyectos que busca ejecutar y las \u00e1reas que sufren de profundos\nproblemas desde hace d\u00e9cadas pero que con los proyectos y voluntad, esta dura\nrealidad se Convertir\u00e1 en un faro de esperanza y desarrollo en un futuro\ncercano.<\/p>\n\n\n\n<figure class=\"wp-block-image\"><img decoding=\"async\" loading=\"lazy\" width=\"1632\" height=\"1224\" src=\"https:\/\/thevisitorpanama.net\/esp\/wp-content\/uploads\/2022\/11\/Compress_20221128_202111_1873-1.jpg\" alt=\"\" class=\"wp-image-12380\" srcset=\"https:\/\/www.thevisitorpanama.info\/esp\/wp-content\/uploads\/2022\/11\/Compress_20221128_202111_1873-1.jpg 1632w, https:\/\/www.thevisitorpanama.info\/esp\/wp-content\/uploads\/2022\/11\/Compress_20221128_202111_1873-1-768x576.jpg 768w\" sizes=\"(max-width: 1632px) 100vw, 1632px\" \/><\/figure>\n\n\n\n<p>Esta\nentrevista la empezamos con palabras de Michael Chen: \u201cen Col\u00f3n est\u00e1 todo por\nhacer y desarrollarse&#8230;El verdadero desarrollo sostenible de cualquier lugar\nrequiere de un esfuerzo tit\u00e1nico de todos trabajando en conjunto:&nbsp; sociedad civil, empresa privada, gobierno\nlocal y nacional. Hasta que no entendamos esto, no avanzaremos. Ciudades con\nsituaciones similares les ha tomado m\u00e1s de 2 d\u00e9cadas (Guayaquil y Medell\u00edn).&nbsp; Ahora es el momento de empezar por lo mas\nvalioso: nuestra gente.\u201d<\/p>\n\n\n\n<p><strong>\u00bfQu\u00e9 se esta planeando ejecutar en Col\u00f3n para el desarrollo\nhumano a corto, mediano y largo plazo? <\/strong><\/p>\n\n\n\n<p>\u201cHist\u00f3ricamente, Col\u00f3n ha sido considerado un lugar log\u00edstico\n(puertos y zona libre) y s\u00f3lo se le ha prestado atenci\u00f3n a esto, se ha\ndescuidado el recurso m\u00e1s importante que es nuestra gente. Hay una fuga de\ntalento incre\u00edble y los pocos que quedamos somos una especie en extinci\u00f3n. Esto\nhay que revertirlo y cambiarlo, \u00bfC\u00f3mo? Siendo propositivos y\nactuando\/accionando. En la C\u00e1mara de Comercio de Col\u00f3n hemos entendido que\ngenerar dinero es importante pero no es lo m\u00e1s importante, hay que hacer las\ncosas de manera diferente. Tiene que existir un cambio de ACTITUD y FORMA DE\nPENSAR y por eso iniciamos el programa \u201cTransf\u00f3rmate para Nuevas Oportunidades\u201d\nen donde hemos impactado las vidas de m\u00e1s de 300 j\u00f3venes, estudiantes,\nemprendedores y personas en general.&nbsp;\nEste programa tiene el objetivo de fortalecer las habilidades para\nenfrentarse a la vida y ser actores participativos y propositivos en el cambio\nque Col\u00f3n necesita. Debe existir un detonante que desencadene cambios positivos\ny propositivos en nuestra gente para que ocurra el cambio.\u201d<\/p>\n\n\n\n<figure class=\"wp-block-image\"><img decoding=\"async\" loading=\"lazy\" width=\"1024\" height=\"768\" src=\"https:\/\/thevisitorpanama.net\/esp\/wp-content\/uploads\/2022\/11\/IMG-20221118-WA0027.jpg\" alt=\"\" class=\"wp-image-12381\" srcset=\"https:\/\/www.thevisitorpanama.info\/esp\/wp-content\/uploads\/2022\/11\/IMG-20221118-WA0027.jpg 1024w, https:\/\/www.thevisitorpanama.info\/esp\/wp-content\/uploads\/2022\/11\/IMG-20221118-WA0027-768x576.jpg 768w\" sizes=\"(max-width: 1024px) 100vw, 1024px\" \/><\/figure>\n\n\n\n<p><strong>\u00bf Qu\u00e9 proyectos se han planeado para el mejoramiento de toda\nla infraestructura de Col\u00f3n? <\/strong><\/p>\n\n\n\n<p>\u201cEl gobierno debe ser el principal gestor para cambios e\ninversiones en infraestructura y nos corresponde a todos en conjunto con el\ngobierno, colaborar para cuidarla. Los proyectos gubernamentales de los cuales\ntenemos conocimiento se pueden dividir en dos:&nbsp;\nCiudad de Col\u00f3n y Costas.<\/p>\n\n\n\n<p>En la ciudad\nde Col\u00f3m hay un proyecto en ejecuci\u00f3n para el mejoramiento y construcci\u00f3n de\nv\u00edas que seg\u00fan el gobierno tiene un avance del 82%.&nbsp; Sin embargo hay una situaci\u00f3n muy preocupante\ncon el tema de inundaciones y basura. Como es de conocimiento, muchas \u00e1reas de\nla ciudad est\u00e1n a un nivel inferior al nivel del mar. Esto aunado a una mala\ndisposici\u00f3n de la basura, falta de mantenimiento y reparaci\u00f3n de bombas\npluviales, destrucci\u00f3n de manglares y mala planificaci\u00f3n. Somos v\u00edctimas de\nconstantes inundaciones. Urge que todos prestemos atenci\u00f3n a esta situaci\u00f3n\npara que no se torne peor de lo que ya esta. Con respecto a la Costa abajo, la\ncarretera hacia el Fuerte San Lorenzo est\u00e1 muy buena y tiene alrededor del 95%\nde avance.&nbsp; Tambi\u00e9n la restauraci\u00f3n del\nFuerte de San Lorenzo esta bastante avanzado.&nbsp;\nNos alegra saber que se esta construyendo un Centro de Visitantes de San\nLorenzo, una obra que es financiada por el Banco Interamericano de Desarrollo\ncon un costo de B\/. 6.8 millones y tiene previsto culminar en el 2024.&nbsp; Tiene alrededor de un 15-20% de avance. Con\nrespecto a la Costa Arriba, se licit\u00f3 y se dio la orden de proceder para la\ncarretera Quebrada Ancha-Maria Chiquita.&nbsp;\nSeg\u00fan se conoce, la construcci\u00f3n se debe culminar para&nbsp; finales del 2024.&nbsp; Tambi\u00e9n se est\u00e1 remodelando el edificio de la\nAduana de Portobelo que servir\u00e1 como un museo.&nbsp;\nTodo esto genera una buena se\u00f1al para el turismo y conectividad de la\ncosta arriba de Col\u00f3n.&nbsp;&nbsp; Otros proyectos\nen ejecuci\u00f3n que se pueden mencionar son:&nbsp;\nel Nuevo Hospital Manuel Amador Guerrero y Centro de Arte y Cultura\n(antiguo Abel Bravo). Nos corresponde a nosotros los ciudadanos y la empresa\nprivada velar que el gobierno termine y de el mantenimiento necesario a todos\nestos proyectos.&nbsp;&nbsp; <\/p>\n\n\n\n<figure class=\"wp-block-image\"><img decoding=\"async\" loading=\"lazy\" width=\"1200\" height=\"1600\" src=\"https:\/\/thevisitorpanama.net\/esp\/wp-content\/uploads\/2022\/11\/IMG-20221115-WA0024.jpg\" alt=\"\" class=\"wp-image-12382\" srcset=\"https:\/\/www.thevisitorpanama.info\/esp\/wp-content\/uploads\/2022\/11\/IMG-20221115-WA0024.jpg 1200w, https:\/\/www.thevisitorpanama.info\/esp\/wp-content\/uploads\/2022\/11\/IMG-20221115-WA0024-768x1024.jpg 768w\" sizes=\"(max-width: 1200px) 100vw, 1200px\" \/><\/figure>\n\n\n\n<p><strong>\u00bfQu\u00e9 proyectos se est\u00e1n planeado para la organizaci\u00f3n de la\nmicro, peque\u00f1a y mediana empresa en la provincia, en especial en el segmento\nTurismo y relacionados. <\/strong><\/p>\n\n\n\n<p>\u201cLa \u00fanica manera de reactivar la econom\u00eda es a trav\u00e9s de la\nmicro, peque\u00f1a y mediana empresa que constituyen el 90% del parque empresarial\ndel pa\u00eds.&nbsp; Un buen ejemplo que podemos\ntomar es el \u201cMilagro Econ\u00f3mico de Jap\u00f3n \u201d despu\u00e9s de la Segunda Guerra Mundial,\nen donde el gobierno Japon\u00e9s entendi\u00f3 la importancia de potenciar a las MiPymes\na trav\u00e9s de la creatividad, innovaci\u00f3n y fondos.<\/p>\n\n\n\n<p>Tenemos la\noportunidad de oro de explotar el turismo tradicional y el turismo de\ncompras.&nbsp; Por eso la C\u00e1mara de Comercio\nde Col\u00f3n ha creado el \u201cMercadito Caribe\u00f1o\u201d frente a sus instalaciones.&nbsp; Este espacio tiene el&nbsp; fin de promover a los artesanos y micro y\npeque\u00f1os empresarios a exponer sus creaciones, artesan\u00edas, etc. a los turistas\nque visitan. Tambi\u00e9n se ha creado el proyecto \u201cColon Experience\u201d que busca dar\na conocer la cultura, historia, gastronom\u00eda y lugares en la Costa Abajo, Costa\nArriba y la Ciudad de Col\u00f3n por medio de tours guiados. Todas estas iniciativas\ntienen como norte la creaci\u00f3n de nuevos emprendimientos que surgen de los\nproductos y servicios que se pueden ofrecer a trav\u00e9s del turismo y de los\nvisitantes que vengan a nuestra provincia.\u201d <\/p>\n\n\n\n<figure class=\"wp-block-image\"><img decoding=\"async\" loading=\"lazy\" width=\"1600\" height=\"1200\" src=\"https:\/\/thevisitorpanama.net\/esp\/wp-content\/uploads\/2022\/11\/IMG-20221115-WA0027.jpg\" alt=\"\" class=\"wp-image-12383\" srcset=\"https:\/\/www.thevisitorpanama.info\/esp\/wp-content\/uploads\/2022\/11\/IMG-20221115-WA0027.jpg 1600w, https:\/\/www.thevisitorpanama.info\/esp\/wp-content\/uploads\/2022\/11\/IMG-20221115-WA0027-768x576.jpg 768w\" sizes=\"(max-width: 1600px) 100vw, 1600px\" \/><\/figure>\n\n\n\n<p><strong>\u00bfQu\u00e9 proyectos hay para el recobrar el br\u00edo, historia y la privilegiada\nposici\u00f3n geogr\u00e1fica de Col\u00f3n? <\/strong><\/p>\n\n\n\n<p>\u201cLa ciudad de Col\u00f3n es el tesoro mejor escondido que merece\nser descubierto para el disfrute de muchos. \u00bfC\u00f3mo potenciarlo? A trav\u00e9s de la\npuesta en marcha de Col\u00f3n Puerto Libre, un plan inclusivo que tiene como\nobjetivo reactivar la econom\u00eda, promover inversi\u00f3n, generar empleos, rescatar\nespacios e involucrar a las personas. Tal como se creo la Zona Libre de Col\u00f3n\nen 1948 por medio del impulso de la C\u00e1mara de Comercio de Col\u00f3n, el Sistema\nEspecial De Col\u00f3n Puerto Libre puede catapultar un \u201cDuty Free\u201d gigante en las\n16 calles que promueva la venta de productos al por menor libre de\nimpuestos.&nbsp; Esto promover\u00eda la inversi\u00f3n\nnacional e internacional y aprovechar\u00eda la llegada de cruceros y turistas, tal\ncomo sucede en Aruba y Bahamas.&nbsp;&nbsp; Para\nque Colon Puerto Libre funcione se necesita la verdadera voluntad del gobierno\ny la empresa privada.&nbsp;&nbsp; Ya la empresa\nprivada ha dado el primer paso por medio de la inversi\u00f3n en Centros Comerciales\ndestinados para la venta Duty Free.&nbsp; Un\nejemplo de esto es Col\u00f3n 2000 Duty Free que consiste en un centro comercial\ngigante con una inversi\u00f3n de m\u00e1s de 50 millones de d\u00f3lares y 150 locales\ncomerciales. Se espera que s\u00f3lo \u00e9ste centro comercial genere m\u00e1s de 1,000\nempleos directos.<\/p>\n\n\n\n<figure class=\"wp-block-image\"><img decoding=\"async\" loading=\"lazy\" width=\"1280\" height=\"720\" src=\"http:\/\/www.thevisitorpanama.info\/esp\/wp-content\/uploads\/2022\/11\/IMG-20221118-WA0016.jpg\" alt=\"\" class=\"wp-image-12384\" srcset=\"https:\/\/www.thevisitorpanama.info\/esp\/wp-content\/uploads\/2022\/11\/IMG-20221118-WA0016.jpg 1280w, https:\/\/www.thevisitorpanama.info\/esp\/wp-content\/uploads\/2022\/11\/IMG-20221118-WA0016-768x432.jpg 768w\" sizes=\"(max-width: 1280px) 100vw, 1280px\" \/><\/figure>\n\n\n\n<p><strong>\u00bfQu\u00e9 eventos tienen planeado que ayuden a invitar a personas\ndel exterior y locales a Col\u00f3n? <\/strong><\/p>\n\n\n\n<p>\u201cDesde la empresa privada, tenemos planeado realizar Expo Col\u00f3n\n2023 para promover nuestra provincia y mostrar las bondades que tenemos para\nofrecer. Col\u00f3n no es solo la Zona Libre, los puertos e inseguridad.&nbsp; Tenemos que trabajar duro para que todos\nsepan que Colon tambi\u00e9n es historia, cultura, gastronom\u00eda y lo m\u00e1s importante\ngente buena y cari\u00f1osa.\u201d<\/p>\n\n\n\n<p><strong>Hay alguna campa\u00f1a que busque ayudar en el posicionamiento de\nla provincia y en la comunicaci\u00f3n de todo lo que se est\u00e1 planeando y realizando?\n<\/strong><\/p>\n\n\n\n<p>\u201cNo hay una campana de mercadeo a nivel gubernamental que conozcamos. Sin embargo, pienso que la empresa privada tambi\u00e9n puede ayudar a mandar un mensaje positivo para recobrar la confianza en Col\u00f3n y promover una generaci\u00f3n de cambios propositivos que invite a todos a ser participes.&nbsp; Por eso estamos por lanzar la campa\u00f1a: Col\u00f3n: \u201cEl Cambio Comienza Por Mi\u201d. Esta campa\u00f1a, mas que una frase, es un compendio de iniciativas que busca invitar a todos a asumir la responsabilidad de ser agentes de cambio y romper paradigmas en la provincia.&nbsp; Busca la transformaci\u00f3n social a trav\u00e9s de un cambio de mentalidad que se fortalezca con la educaci\u00f3n. Busca regresar a lo b\u00e1sico, a cosas que parecieran insignificantes (botar la basura apropiadamente, seguir las leyes, buenos modales, etc.) pero que tienen un gran impacto.&nbsp; Una vez logremos dominar lo b\u00e1sico, entonces vamos a estar listos para todo lo bueno que viene para Col\u00f3n.\u201d<\/p>\n\n\n\n<figure class=\"wp-block-image\"><img decoding=\"async\" loading=\"lazy\" width=\"1200\" height=\"1600\" src=\"https:\/\/thevisitorpanama.net\/esp\/wp-content\/uploads\/2022\/11\/IMG-20221115-WA0029.jpg\" alt=\"\" class=\"wp-image-12385\" srcset=\"https:\/\/www.thevisitorpanama.info\/esp\/wp-content\/uploads\/2022\/11\/IMG-20221115-WA0029.jpg 1200w, https:\/\/www.thevisitorpanama.info\/esp\/wp-content\/uploads\/2022\/11\/IMG-20221115-WA0029-768x1024.jpg 768w\" sizes=\"(max-width: 1200px) 100vw, 1200px\" \/><\/figure>\n\n\n\n<p><\/p>\n","protected":false},"excerpt":{"rendered":"<p>Este articulo exclusivo con Michael Chen, (Presidente de la C\u00e1mara de Comercio, Industrias y Agricultura de Col\u00f3n) es la segunda parte de un reportaje que busca plasmar la realidad de una Provincia que ha sido desfavorecida hist\u00f3ricamente en m\u00faltiples aspectos, pero que empieza a resurgir como el ave F\u00e9nix, con una nueva mentalidad y coherencia. [&hellip;]<\/p>\n","protected":false},"author":1,"featured_media":12669,"comment_status":"open","ping_status":"open","sticky":false,"template":"","format":"standard","meta":[],"categories":[33],"tags":[],"_links":{"self":[{"href":"https:\/\/www.thevisitorpanama.info\/esp\/wp-json\/wp\/v2\/posts\/12377"}],"collection":[{"href":"https:\/\/www.thevisitorpanama.info\/esp\/wp-json\/wp\/v2\/posts"}],"about":[{"href":"https:\/\/www.thevisitorpanama.info\/esp\/wp-json\/wp\/v2\/types\/post"}],"author":[{"embeddable":true,"href":"https:\/\/www.thevisitorpanama.info\/esp\/wp-json\/wp\/v2\/users\/1"}],"replies":[{"embeddable":true,"href":"https:\/\/www.thevisitorpanama.info\/esp\/wp-json\/wp\/v2\/comments?post=12377"}],"version-history":[{"count":2,"href":"https:\/\/www.thevisitorpanama.info\/esp\/wp-json\/wp\/v2\/posts\/12377\/revisions"}],"predecessor-version":[{"id":12441,"href":"https:\/\/www.thevisitorpanama.info\/esp\/wp-json\/wp\/v2\/posts\/12377\/revisions\/12441"}],"wp:featuredmedia":[{"embeddable":true,"href":"https:\/\/www.thevisitorpanama.info\/esp\/wp-json\/wp\/v2\/media\/12669"}],"wp:attachment":[{"href":"https:\/\/www.thevisitorpanama.info\/esp\/wp-json\/wp\/v2\/media?parent=12377"}],"wp:term":[{"taxonomy":"category","embeddable":true,"href":"https:\/\/www.thevisitorpanama.info\/esp\/wp-json\/wp\/v2\/categories?post=12377"},{"taxonomy":"post_tag","embeddable":true,"href":"https:\/\/www.thevisitorpanama.info\/esp\/wp-json\/wp\/v2\/tags?post=12377"}],"curies":[{"name":"wp","href":"https:\/\/api.w.org\/{rel}","templated":true}]}}