{"id":12204,"date":"2025-11-08T21:44:25","date_gmt":"2025-11-09T02:44:25","guid":{"rendered":"http:\/\/thevisitorpanama.net\/esp\/?p=12204"},"modified":"2025-11-08T21:44:27","modified_gmt":"2025-11-09T02:44:27","slug":"grito-de-santiago-un-hecho-historico-que-reafirmo-el-movimiento-independentista-de-1903","status":"publish","type":"post","link":"https:\/\/www.thevisitorpanama.info\/esp\/2025\/11\/08\/grito-de-santiago-un-hecho-historico-que-reafirmo-el-movimiento-independentista-de-1903\/","title":{"rendered":"\u201cGrito de Santiago\u201d, un Hecho Hist\u00f3rico que Reafirm\u00f3 el Movimiento Independentista de 1903"},"content":{"rendered":"\n<p>Usualmente\ncuando se habla de gritos de independencia se piensa inmediatamente en el de\nRufina Alfaro realizado en el heroico pueblo de la Villa de Los Santos y que se\ncelebra cada 10 de noviembre. Sin embargo, este hecho tambi\u00e9n fue replicado en\nvarios puntos de Panam\u00e1, uno que m\u00e1s llama la atenci\u00f3n fue el \u201cGrito de\nSantiago&#8221; que se celebra cada 9 de noviembre en la Provincia de Veraguas. <\/p>\n\n\n\n<p><strong>Reafirmaci\u00f3n de Independencia<\/strong><\/p>\n\n\n\n<p>Este grito del que muchas personas en nuestro pa\u00eds no tienen\nmucho conocimiento se celebra el 9 de noviembre. A diferencia del Grito de Los Santos que fue\ndurante la independencia de Panam\u00e1 de Espa\u00f1a, \u00e9ste se dio durante la Separaci\u00f3n\nde Colombia en el a\u00f1o 1903. <\/p>\n\n\n\n<figure class=\"wp-block-image\"><img decoding=\"async\" loading=\"lazy\" width=\"1024\" height=\"633\" src=\"https:\/\/thevisitorpanama.net\/esp\/wp-content\/uploads\/2022\/11\/Compress_20221102_010031_1341.jpg\" alt=\"\" class=\"wp-image-12206\" srcset=\"https:\/\/www.thevisitorpanama.info\/esp\/wp-content\/uploads\/2022\/11\/Compress_20221102_010031_1341.jpg 1024w, https:\/\/www.thevisitorpanama.info\/esp\/wp-content\/uploads\/2022\/11\/Compress_20221102_010031_1341-768x475.jpg 768w\" sizes=\"(max-width: 1024px) 100vw, 1024px\" \/><\/figure>\n\n\n\n<p>En esta\nfecha los habitantes de la ciudad de Santiago de Veraguas decidieron apoyar el\nmovimiento independentista que hab\u00eda tenido lugar en la Ciudad de Panam\u00e1 el d\u00eda 3 de noviembre.\nEste hecho fue recogido por el historiador Ismael Ortega en su libro \u201cCincuentenario\nde la Rep\u00fablica\u201d. En esta obra literaria se relata que los sucesos comenzaron\ncuando Juan Bautista Amador Garc\u00eda, sobrino de quien se convertir\u00eda en primer\npresidente de la Rep\u00fablica, fue receptor de un telegrama enviado desde la\ncapital por Ram\u00f3n Vald\u00e9s para solicitar adhesi\u00f3n a la gesta que se hab\u00eda dado\nen la capital. De inmediato, Amador convoc\u00f3 a los habitantes de Santiago a la\nplaza mayor para anunciarles los hechos, que recibieron amplio respaldo de los\npresentes, entre ellos importantes figuras como Manuel Salvador Pinilla, quien\nredact\u00f3 el acta del \u201cGrito\nde Santiago\u201d, y Oscar F\u00e1brega. El acta fue firmada por un grupo de\nnotables ciudadanos, en representaci\u00f3n de la inmensa mayor\u00eda de los habitantes\nde la provincia que aprobaba la separaci\u00f3n de Colombia.<\/p>\n\n\n\n<p><strong>Uni\u00f3n de Santiago al Movimiento Independentista<\/strong><\/p>\n\n\n\n<p>De esta manera, la capital de la provincia de Veraguas se\nun\u00eda a la gesta separatista de Panam\u00e1 de Colombia del 3 de noviembre de 1903. \u201cAdelante&#8230;\nviva la Rep\u00fablica\u201d, fue el grit\u00f3 de Amador en el momento en que los presentes\nlanzaban v\u00edtores. Posteriormente, los santiague\u00f1os tomaron las armas que\nmanten\u00eda el prefecto colombiano An\u00edbal Garc\u00eda en la ciudad, y asumieron el\ncontrol del cuartel de polic\u00eda.<\/p>\n\n\n\n<p>Otros gritos\nimportantes en la historia paname\u00f1a fueron tambi\u00e9n Grito del Distrito de Pocr\u00ed\ny el Grito de Independencia de Montijo. <\/p>\n","protected":false},"excerpt":{"rendered":"<p>Usualmente cuando se habla de gritos de independencia se piensa inmediatamente en el de Rufina Alfaro realizado en el heroico pueblo de la Villa de Los Santos y que se celebra cada 10 de noviembre. Sin embargo, este hecho tambi\u00e9n fue replicado en varios puntos de Panam\u00e1, uno que m\u00e1s llama la atenci\u00f3n fue el [&hellip;]<\/p>\n","protected":false},"author":1,"featured_media":12205,"comment_status":"open","ping_status":"open","sticky":false,"template":"","format":"standard","meta":[],"categories":[31],"tags":[],"_links":{"self":[{"href":"https:\/\/www.thevisitorpanama.info\/esp\/wp-json\/wp\/v2\/posts\/12204"}],"collection":[{"href":"https:\/\/www.thevisitorpanama.info\/esp\/wp-json\/wp\/v2\/posts"}],"about":[{"href":"https:\/\/www.thevisitorpanama.info\/esp\/wp-json\/wp\/v2\/types\/post"}],"author":[{"embeddable":true,"href":"https:\/\/www.thevisitorpanama.info\/esp\/wp-json\/wp\/v2\/users\/1"}],"replies":[{"embeddable":true,"href":"https:\/\/www.thevisitorpanama.info\/esp\/wp-json\/wp\/v2\/comments?post=12204"}],"version-history":[{"count":1,"href":"https:\/\/www.thevisitorpanama.info\/esp\/wp-json\/wp\/v2\/posts\/12204\/revisions"}],"predecessor-version":[{"id":12207,"href":"https:\/\/www.thevisitorpanama.info\/esp\/wp-json\/wp\/v2\/posts\/12204\/revisions\/12207"}],"wp:featuredmedia":[{"embeddable":true,"href":"https:\/\/www.thevisitorpanama.info\/esp\/wp-json\/wp\/v2\/media\/12205"}],"wp:attachment":[{"href":"https:\/\/www.thevisitorpanama.info\/esp\/wp-json\/wp\/v2\/media?parent=12204"}],"wp:term":[{"taxonomy":"category","embeddable":true,"href":"https:\/\/www.thevisitorpanama.info\/esp\/wp-json\/wp\/v2\/categories?post=12204"},{"taxonomy":"post_tag","embeddable":true,"href":"https:\/\/www.thevisitorpanama.info\/esp\/wp-json\/wp\/v2\/tags?post=12204"}],"curies":[{"name":"wp","href":"https:\/\/api.w.org\/{rel}","templated":true}]}}