{"id":12170,"date":"2022-11-02T00:10:32","date_gmt":"2022-11-02T05:10:32","guid":{"rendered":"http:\/\/thevisitorpanama.net\/esp\/?p=12170"},"modified":"2022-11-02T00:10:47","modified_gmt":"2022-11-02T05:10:47","slug":"boquete-realizara-desfile-el-28-de-noviembre","status":"publish","type":"post","link":"https:\/\/www.thevisitorpanama.info\/esp\/2022\/11\/02\/boquete-realizara-desfile-el-28-de-noviembre\/","title":{"rendered":"Boquete Realizar\u00e1 Desfile el 28 de Noviembre"},"content":{"rendered":"\n<p>Adem\u00e1s de su agradable clima y paisajismo natural Boquete se\nprepara para recibir a muchos m\u00e1s visitantes durante el mes de noviembre cuando\nse desarrollan las fiestas patrias. El alcalde Joswar Alvarado, confirm\u00f3 que el\ntradicional desfile del 28 se realizar\u00e1. &#8220;Ya hay bandas de Chorrera,\nVeraguas, Los Santos; parte de las m\u00e1s de 60 bandas que han confirmado, adem\u00e1s\nde las bandas independientes de Col\u00f3n, Panam\u00e1 y Chiriqu\u00ed. <\/p>\n\n\n\n<p>Las autoridades indican que est\u00e1n haciendo\nadecuaciones de las aceras, carreteras, jornadas de parcheo para que las\npersonas y visitantes puedan tener mejor acceso a las rutas del desfile, adem\u00e1s\nde otros atractivos que tiene el distrito de Boquete. Las actividades inician\ndesde el 26 con una cabalgata de independencia, para el 27 una gala t\u00edpica,\nantes del lunes 28 de noviembre que ser\u00e1 el desfile.<\/p>\n","protected":false},"excerpt":{"rendered":"<p>Adem\u00e1s de su agradable clima y paisajismo natural Boquete se prepara para recibir a muchos m\u00e1s visitantes durante el mes de noviembre cuando se desarrollan las fiestas patrias. El alcalde Joswar Alvarado, confirm\u00f3 que el tradicional desfile del 28 se realizar\u00e1. &#8220;Ya hay bandas de Chorrera, Veraguas, Los Santos; parte de las m\u00e1s de 60 [&hellip;]<\/p>\n","protected":false},"author":1,"featured_media":12171,"comment_status":"open","ping_status":"open","sticky":false,"template":"","format":"standard","meta":[],"categories":[44],"tags":[],"_links":{"self":[{"href":"https:\/\/www.thevisitorpanama.info\/esp\/wp-json\/wp\/v2\/posts\/12170"}],"collection":[{"href":"https:\/\/www.thevisitorpanama.info\/esp\/wp-json\/wp\/v2\/posts"}],"about":[{"href":"https:\/\/www.thevisitorpanama.info\/esp\/wp-json\/wp\/v2\/types\/post"}],"author":[{"embeddable":true,"href":"https:\/\/www.thevisitorpanama.info\/esp\/wp-json\/wp\/v2\/users\/1"}],"replies":[{"embeddable":true,"href":"https:\/\/www.thevisitorpanama.info\/esp\/wp-json\/wp\/v2\/comments?post=12170"}],"version-history":[{"count":1,"href":"https:\/\/www.thevisitorpanama.info\/esp\/wp-json\/wp\/v2\/posts\/12170\/revisions"}],"predecessor-version":[{"id":12172,"href":"https:\/\/www.thevisitorpanama.info\/esp\/wp-json\/wp\/v2\/posts\/12170\/revisions\/12172"}],"wp:featuredmedia":[{"embeddable":true,"href":"https:\/\/www.thevisitorpanama.info\/esp\/wp-json\/wp\/v2\/media\/12171"}],"wp:attachment":[{"href":"https:\/\/www.thevisitorpanama.info\/esp\/wp-json\/wp\/v2\/media?parent=12170"}],"wp:term":[{"taxonomy":"category","embeddable":true,"href":"https:\/\/www.thevisitorpanama.info\/esp\/wp-json\/wp\/v2\/categories?post=12170"},{"taxonomy":"post_tag","embeddable":true,"href":"https:\/\/www.thevisitorpanama.info\/esp\/wp-json\/wp\/v2\/tags?post=12170"}],"curies":[{"name":"wp","href":"https:\/\/api.w.org\/{rel}","templated":true}]}}