{"id":12121,"date":"2022-11-01T20:30:50","date_gmt":"2022-11-02T01:30:50","guid":{"rendered":"http:\/\/thevisitorpanama.net\/esp\/?p=12121"},"modified":"2022-11-01T20:31:13","modified_gmt":"2022-11-02T01:31:13","slug":"festival-del-toro-suelto-genero-100-de-ocupacion-en-pedasi","status":"publish","type":"post","link":"https:\/\/www.thevisitorpanama.info\/esp\/2022\/11\/01\/festival-del-toro-suelto-genero-100-de-ocupacion-en-pedasi\/","title":{"rendered":"Festival del Toro Suelto Gener\u00f3 100% de Ocupaci\u00f3n en Pedas\u00ed"},"content":{"rendered":"\n<p>Un 100% de ocupaci\u00f3n hotelera registr\u00f3 la XVIII versi\u00f3n del Festival del Toro Suelto, el cual se celebr\u00f3 del 28 al 30 de octubre, en el distrito de Pedas\u00ed, provincia de Los Santos.<\/p>\n\n\n\n<p>El impacto directo solo en hospedaje de los participantes y visitantes benefici\u00f3 econ\u00f3micamente a la actividad tur\u00edstica de esta regi\u00f3n del pa\u00eds, asegur\u00f3 el presidente de la Fundaci\u00f3n Amigos de Pedas\u00ed, Francisco P\u00e9rez, organizadores del evento.<\/p>\n\n\n\n<figure class=\"wp-block-image\"><img decoding=\"async\" loading=\"lazy\" width=\"1200\" height=\"1599\" src=\"https:\/\/thevisitorpanama.net\/esp\/wp-content\/uploads\/2022\/11\/FOTO-EMPOLLERADA.jpg\" alt=\"\" class=\"wp-image-12123\" srcset=\"https:\/\/www.thevisitorpanama.info\/esp\/wp-content\/uploads\/2022\/11\/FOTO-EMPOLLERADA.jpg 1200w, https:\/\/www.thevisitorpanama.info\/esp\/wp-content\/uploads\/2022\/11\/FOTO-EMPOLLERADA-768x1023.jpg 768w\" sizes=\"(max-width: 1200px) 100vw, 1200px\" \/><\/figure>\n\n\n\n<p>P\u00e9rez se\u00f1al\u00f3 que luego de la pandemia respiratoria mundial de m\u00e1s de 2 a\u00f1os, la XVIII versi\u00f3n del \u201cFestival de la carreta, la cultura, el folklore y el toro suelto de Pedas\u00ed\u201d super\u00f3 con \u00e9xito todas las expectativas. \u201cSe sent\u00eda la alegr\u00eda del lugare\u00f1o y de los visitantes, quienes disfrutaron de las actividades desarrolladas durante 3 d\u00edas de celebraci\u00f3n\u201d.<\/p>\n\n\n\n<p>A\u00f1adi\u00f3 que la llegada de turistas nacionales y extranjeros provoc\u00f3 un impacto econ\u00f3mico, cuya derrama cubri\u00f3&nbsp;&nbsp;a hoteles, restaurantes, fondas que ofrecen la gastronom\u00eda t\u00edpica del lugar, la adquisici\u00f3n de&nbsp;&nbsp;artesan\u00eda e incluso, vendedores ambulantes se beneficiaron.<\/p>\n\n\n\n<figure class=\"wp-block-image\"><img decoding=\"async\" loading=\"lazy\" width=\"1200\" height=\"1599\" src=\"https:\/\/thevisitorpanama.net\/esp\/wp-content\/uploads\/2022\/11\/FOTO-PEDASI-TORO.jpg\" alt=\"\" class=\"wp-image-12124\" srcset=\"https:\/\/www.thevisitorpanama.info\/esp\/wp-content\/uploads\/2022\/11\/FOTO-PEDASI-TORO.jpg 1200w, https:\/\/www.thevisitorpanama.info\/esp\/wp-content\/uploads\/2022\/11\/FOTO-PEDASI-TORO-768x1023.jpg 768w\" sizes=\"(max-width: 1200px) 100vw, 1200px\" \/><\/figure>\n\n\n\n<p>P\u00e9rez asegur\u00f3 que esta importante feria, que tiene como patrocinador principal a la Autoridad de Turismo de Panam\u00e1 (ATP), conserva celosamente las costumbres y tradiciones del distrito de Pedas\u00ed, uno de los ocho destinos prioritarios del Plan Maestro de Turismo Sostenible (PMTS) 2020-2025, actualmente en ejecuci\u00f3n.<\/p>\n\n\n\n<p>Las actividades iniciaron con fuegos artificiales, presentaciones art\u00edsticas-culturales, discotecas, recorrido de SRM Lilia Elena Ramos oriunda del distrito de Pedas\u00ed y su corte por los diferentes pabellones y, adem\u00e1s, la entrega de la bandera al abanderado de la feria, el empresario Carlos Fern\u00e1ndez Hoyos, reconocido hotelero del pa\u00eds.<\/p>\n\n\n\n<figure class=\"wp-block-image\"><img decoding=\"async\" loading=\"lazy\" width=\"1200\" height=\"1599\" src=\"https:\/\/thevisitorpanama.net\/esp\/wp-content\/uploads\/2022\/11\/FOTO-FESTIVAL-DEL-TORO26.jpg\" alt=\"\" class=\"wp-image-12125\" srcset=\"https:\/\/www.thevisitorpanama.info\/esp\/wp-content\/uploads\/2022\/11\/FOTO-FESTIVAL-DEL-TORO26.jpg 1200w, https:\/\/www.thevisitorpanama.info\/esp\/wp-content\/uploads\/2022\/11\/FOTO-FESTIVAL-DEL-TORO26-768x1023.jpg 768w\" sizes=\"(max-width: 1200px) 100vw, 1200px\" \/><\/figure>\n\n\n\n<p>El desfile se realiz\u00f3 con la participaci\u00f3n de 11 carretas donde la comunidad Mariab\u00e9 obtuvo el primer lugar. En este festival participaron pobladores de los corregimientos de Pedas\u00ed, Los Asientos, Oria Arriba, Mariab\u00e9 y Purio.<\/p>\n\n\n\n<p>Esta zona tur\u00edstica del pa\u00eds es una de las de mayor preferencia por turistas procedentes en su mayor\u00eda del continente europeo, Australia, China, Norteam\u00e9rica, entre otros.<\/p>\n","protected":false},"excerpt":{"rendered":"<p>Un 100% de ocupaci\u00f3n hotelera registr\u00f3 la XVIII versi\u00f3n del Festival del Toro Suelto, el cual se celebr\u00f3 del 28 al 30 de octubre, en el distrito de Pedas\u00ed, provincia de Los Santos. El impacto directo solo en hospedaje de los participantes y visitantes benefici\u00f3 econ\u00f3micamente a la actividad tur\u00edstica de esta regi\u00f3n del pa\u00eds, [&hellip;]<\/p>\n","protected":false},"author":1,"featured_media":12122,"comment_status":"open","ping_status":"open","sticky":false,"template":"","format":"standard","meta":[],"categories":[44],"tags":[],"_links":{"self":[{"href":"https:\/\/www.thevisitorpanama.info\/esp\/wp-json\/wp\/v2\/posts\/12121"}],"collection":[{"href":"https:\/\/www.thevisitorpanama.info\/esp\/wp-json\/wp\/v2\/posts"}],"about":[{"href":"https:\/\/www.thevisitorpanama.info\/esp\/wp-json\/wp\/v2\/types\/post"}],"author":[{"embeddable":true,"href":"https:\/\/www.thevisitorpanama.info\/esp\/wp-json\/wp\/v2\/users\/1"}],"replies":[{"embeddable":true,"href":"https:\/\/www.thevisitorpanama.info\/esp\/wp-json\/wp\/v2\/comments?post=12121"}],"version-history":[{"count":2,"href":"https:\/\/www.thevisitorpanama.info\/esp\/wp-json\/wp\/v2\/posts\/12121\/revisions"}],"predecessor-version":[{"id":12127,"href":"https:\/\/www.thevisitorpanama.info\/esp\/wp-json\/wp\/v2\/posts\/12121\/revisions\/12127"}],"wp:featuredmedia":[{"embeddable":true,"href":"https:\/\/www.thevisitorpanama.info\/esp\/wp-json\/wp\/v2\/media\/12122"}],"wp:attachment":[{"href":"https:\/\/www.thevisitorpanama.info\/esp\/wp-json\/wp\/v2\/media?parent=12121"}],"wp:term":[{"taxonomy":"category","embeddable":true,"href":"https:\/\/www.thevisitorpanama.info\/esp\/wp-json\/wp\/v2\/categories?post=12121"},{"taxonomy":"post_tag","embeddable":true,"href":"https:\/\/www.thevisitorpanama.info\/esp\/wp-json\/wp\/v2\/tags?post=12121"}],"curies":[{"name":"wp","href":"https:\/\/api.w.org\/{rel}","templated":true}]}}