{"id":12107,"date":"2022-10-28T21:11:05","date_gmt":"2022-10-29T02:11:05","guid":{"rendered":"http:\/\/thevisitorpanama.net\/esp\/?p=12107"},"modified":"2022-10-28T21:12:53","modified_gmt":"2022-10-29T02:12:53","slug":"el-festival-internacional-de-cine-de-panama-sera-del-2-al-4-de-diciembre-en-formato-presencial","status":"publish","type":"post","link":"https:\/\/www.thevisitorpanama.info\/esp\/2022\/10\/28\/el-festival-internacional-de-cine-de-panama-sera-del-2-al-4-de-diciembre-en-formato-presencial\/","title":{"rendered":"El Festival Internacional de Cine de Panam\u00e1  ser\u00e1 del 2 al 4 de Diciembre en Formato Presencial"},"content":{"rendered":"\n<p>Panam\u00e1. La Fundaci\u00f3n IFF Panam\u00e1 (FIP) anuncia la fecha de la und\u00e9cima edici\u00f3n del Festival Internacional de Cine de Panam\u00e1: se llevar\u00e1 a cabo del 2 al 4 de diciembre de 2.022 y traer\u00e1 una selecci\u00f3n de 15 pel\u00edculas en formato presencial, importantes invitados nacionales e internacionales, distintos espacios y un nutrido programa educativo para fomentar el desarrollo de la industria local y regional.<br>Ofreciendo talleres, charlas y clases magistrales dictadas por cineastas con trayectoria y profesionales de gran relevancia internacional, dirigidas tanto a la industria, como al p\u00fablico en general y a grupos espec\u00edficos como adolescentes, j\u00f3venes, ni\u00f1as y ni\u00f1os.<\/p>\n\n\n\n<figure class=\"wp-block-image\"><img decoding=\"async\" loading=\"lazy\" width=\"855\" height=\"570\" src=\"https:\/\/thevisitorpanama.net\/esp\/wp-content\/uploads\/2022\/10\/iff-clausurajpg.jpg\" alt=\"\" class=\"wp-image-12109\" srcset=\"https:\/\/www.thevisitorpanama.info\/esp\/wp-content\/uploads\/2022\/10\/iff-clausurajpg.jpg 855w, https:\/\/www.thevisitorpanama.info\/esp\/wp-content\/uploads\/2022\/10\/iff-clausurajpg-768x512.jpg 768w\" sizes=\"(max-width: 855px) 100vw, 855px\" \/><\/figure>\n\n\n\n<p><br>Tras m\u00e1s de una d\u00e9cada trabajando por el impulso de la industria de Panam\u00e1 y de nuestra regi\u00f3n, el Festival Internacional de Cine de Panam\u00e1, IFF Panam\u00e1, se ha convertido en el hub cinematogr\u00e1fico de la regi\u00f3n, logrando ser un promotor de turismo e im\u00e1n de inversiones. FIP junto a voluntarios, industria, amigos y el p\u00fablico general, celebran el anuncio de la 11\u00b0 edici\u00f3n de IFF Panam\u00e1, que tendr\u00e1 como sedes oficiales La Manzana de Santa Ana, el teatro del Museo del Canal, el hotel La Compa\u00f1\u00eda en el Casco Antiguo y el Teatro Ateneo.<br><\/p>\n\n\n\n<figure class=\"wp-block-image\"><img decoding=\"async\" loading=\"lazy\" width=\"225\" height=\"224\" src=\"https:\/\/thevisitorpanama.net\/esp\/wp-content\/uploads\/2022\/10\/descarga-1.jpeg\" alt=\"\" class=\"wp-image-12110\" srcset=\"https:\/\/www.thevisitorpanama.info\/esp\/wp-content\/uploads\/2022\/10\/descarga-1.jpeg 225w, https:\/\/www.thevisitorpanama.info\/esp\/wp-content\/uploads\/2022\/10\/descarga-1-150x150.jpeg 150w\" sizes=\"(max-width: 225px) 100vw, 225px\" \/><\/figure>\n\n\n\n<p><br>Entre la agenda de actividades que propician el reencuentro de todo el gremio y amantes del s\u00e9ptimo arte para conmemorar los 11 a\u00f1os del Festival Internacional de Cine de Panam\u00e1, adem\u00e1s de proyecciones en salas, en esta edici\u00f3n vuelve el \u201cCine al aire libre\u201d\u00a0 con funciones gratuitas para toda la familia en el patio interno de La Manzana, en el hist\u00f3rico barrio de Santa Ana.<br>Este a\u00f1o tendr\u00e1n un Festival m\u00e1s peque\u00f1o que en el pasado, pero poderoso, con gemas del cine que representan lo mejor del s\u00e9ptimo arte con narrativas ricas y profundas. Se mostrar\u00e1n pel\u00edculas con prop\u00f3sito, y creando un ambiente \u00edntimo en el que nuestros invitados forjar\u00e1n relaciones maravillosas que definir\u00e1n  la historia del cine de la regi\u00f3n\u201d.<br>Como parte de la agenda durante las semanas previas a su inauguraci\u00f3n, se realizar\u00e1 la acreditaci\u00f3n de miembros de la industria cinematogr\u00e1fica, medios de comunicaci\u00f3n social, voluntarios y estudiantes, para participar en IFF Panam\u00e1 2022, que se realizar\u00e1 este a\u00f1o del 2 al 4 de diciembre. Se podr\u00e1n conocer pr\u00f3ximamente todas las condiciones y beneficios en el website\u00a0<a rel=\"noreferrer noopener\" href=\"http:\/\/www.iffpanama.org\/\" target=\"_blank\">www.iffpanama.org<\/a><br><\/p>\n","protected":false},"excerpt":{"rendered":"<p>Panam\u00e1. La Fundaci\u00f3n IFF Panam\u00e1 (FIP) anuncia la fecha de la und\u00e9cima edici\u00f3n del Festival Internacional de Cine de Panam\u00e1: se llevar\u00e1 a cabo del 2 al 4 de diciembre de 2.022 y traer\u00e1 una selecci\u00f3n de 15 pel\u00edculas en formato presencial, importantes invitados nacionales e internacionales, distintos espacios y un nutrido programa educativo para [&hellip;]<\/p>\n","protected":false},"author":1,"featured_media":12108,"comment_status":"open","ping_status":"open","sticky":false,"template":"","format":"standard","meta":[],"categories":[69],"tags":[],"_links":{"self":[{"href":"https:\/\/www.thevisitorpanama.info\/esp\/wp-json\/wp\/v2\/posts\/12107"}],"collection":[{"href":"https:\/\/www.thevisitorpanama.info\/esp\/wp-json\/wp\/v2\/posts"}],"about":[{"href":"https:\/\/www.thevisitorpanama.info\/esp\/wp-json\/wp\/v2\/types\/post"}],"author":[{"embeddable":true,"href":"https:\/\/www.thevisitorpanama.info\/esp\/wp-json\/wp\/v2\/users\/1"}],"replies":[{"embeddable":true,"href":"https:\/\/www.thevisitorpanama.info\/esp\/wp-json\/wp\/v2\/comments?post=12107"}],"version-history":[{"count":1,"href":"https:\/\/www.thevisitorpanama.info\/esp\/wp-json\/wp\/v2\/posts\/12107\/revisions"}],"predecessor-version":[{"id":12111,"href":"https:\/\/www.thevisitorpanama.info\/esp\/wp-json\/wp\/v2\/posts\/12107\/revisions\/12111"}],"wp:featuredmedia":[{"embeddable":true,"href":"https:\/\/www.thevisitorpanama.info\/esp\/wp-json\/wp\/v2\/media\/12108"}],"wp:attachment":[{"href":"https:\/\/www.thevisitorpanama.info\/esp\/wp-json\/wp\/v2\/media?parent=12107"}],"wp:term":[{"taxonomy":"category","embeddable":true,"href":"https:\/\/www.thevisitorpanama.info\/esp\/wp-json\/wp\/v2\/categories?post=12107"},{"taxonomy":"post_tag","embeddable":true,"href":"https:\/\/www.thevisitorpanama.info\/esp\/wp-json\/wp\/v2\/tags?post=12107"}],"curies":[{"name":"wp","href":"https:\/\/api.w.org\/{rel}","templated":true}]}}