{"id":12097,"date":"2022-10-26T20:07:42","date_gmt":"2022-10-27T01:07:42","guid":{"rendered":"http:\/\/thevisitorpanama.net\/esp\/?p=12097"},"modified":"2022-10-26T20:08:15","modified_gmt":"2022-10-27T01:08:15","slug":"conatur-2022-concluyo-promoviendo-un-turismo-integral-y-sostenible","status":"publish","type":"post","link":"https:\/\/www.thevisitorpanama.info\/esp\/2022\/10\/26\/conatur-2022-concluyo-promoviendo-un-turismo-integral-y-sostenible\/","title":{"rendered":"CONATUR 2022 Concluy\u00f3 Promoviendo un Turismo Integral y Sostenible"},"content":{"rendered":"\n<p>La &nbsp;sexta versi\u00f3n&nbsp; del Consejo Nacional de Turismo de Panam\u00e1 que se realiz\u00f3 del 25 al 26 de octubre concluy\u00f3, este martes, con la asistencia de m\u00e1s de 600 personas vinculados al sector de la&nbsp; industria.<\/p>\n\n\n\n<p>Ovidio D\u00edaz, presidente de la C\u00e1mara&nbsp; Nacional de Turismo (CAMTUR), destac\u00f3 que durante los dos d\u00edas de este importante evento&nbsp; se &nbsp;realizaron 10 paneles, 3 conferencias, 3 talleres con la participaci\u00f3n &nbsp;de diferentes sectores de la actividad tur\u00edstica, con un total de 70 conferencistas y 20 empresas en el Trade Expo. \u201cConatur 2022&nbsp; se realiz\u00f3 con \u00e9xito\u201d, asegur\u00f3.<\/p>\n\n\n\n<p>Explic\u00f3 que se realizaron conferencias en las que expertos abordaron temas como:\u201d Turismo comunitario desde la conceptualizaci\u00f3n&nbsp; a la comercializaci\u00f3n\u201d, \u201cHerramienta para que tu empresa sea m\u00e1s inclusiva\u201d,\u201d \u00bf Cu\u00e1l&nbsp; es el ADN gastron\u00f3mico de Panam\u00e1?\u201d, entre otros.<\/p>\n\n\n\n<figure class=\"wp-block-image\"><img decoding=\"async\" loading=\"lazy\" width=\"1600\" height=\"720\" src=\"https:\/\/thevisitorpanama.net\/esp\/wp-content\/uploads\/2022\/10\/FOTO-CONATRUS-6.jpg\" alt=\"\" class=\"wp-image-12099\" srcset=\"https:\/\/www.thevisitorpanama.info\/esp\/wp-content\/uploads\/2022\/10\/FOTO-CONATRUS-6.jpg 1600w, https:\/\/www.thevisitorpanama.info\/esp\/wp-content\/uploads\/2022\/10\/FOTO-CONATRUS-6-768x346.jpg 768w\" sizes=\"(max-width: 1600px) 100vw, 1600px\" \/><\/figure>\n\n\n\n<p>Destac\u00f3 que la convenci\u00f3n tambi\u00e9n se enfoc\u00f3 en las nuevas experiencias innovadoras de las comunidades. \u201cCreemos en un turismo integral y sostenible, que es en lo que estamos trabajando con la Autoridad&nbsp; de Turismo de Panam\u00e1 (ATP), las comunidades y el sector&nbsp; privado\u201d.<\/p>\n\n\n\n<p>D\u00edaz destac\u00f3&nbsp;&nbsp;que Conatur dej\u00f3 un resultado m\u00e1s claro sobre lo que se est\u00e1 construyendo a nivel nacional con el turismo y resalt\u00f3 la importancia de la reuni\u00f3n que sostuvieron los 30 grupos comunitarios procedentes de Bocas&nbsp;&nbsp;del Toro, Col\u00f3n, Los Santos, La Pintada ( Cocl\u00e9 ), Santa Fe ( Veraguas), La&nbsp;&nbsp;Chunga ( Comarca Ember\u00e1), entre otros, con touroperadores e, igualmente, el taller que les dict\u00f3 la Asociaci\u00f3n Paname\u00f1a de Turismo Sostenible( APTSO).&nbsp;<\/p>\n\n\n\n<p>&nbsp;\u201cEl turismo tiene que ser el motor de desarrollo que permee a todos y para que eso se d\u00e9 tiene que desarrollarse dentro de las comunidades; adem\u00e1s, el turismo mundial est\u00e1 dirigido&nbsp; a las experiencias a la parte cultural de los pueblos y a su gastron\u00f3mica\u201d, recalc\u00f3.<\/p>\n\n\n\n<figure class=\"wp-block-image\"><img decoding=\"async\" loading=\"lazy\" width=\"1599\" height=\"1066\" src=\"https:\/\/thevisitorpanama.net\/esp\/wp-content\/uploads\/2022\/10\/FOTO-CONATUR-2.jpg\" alt=\"\" class=\"wp-image-12100\" srcset=\"https:\/\/www.thevisitorpanama.info\/esp\/wp-content\/uploads\/2022\/10\/FOTO-CONATUR-2.jpg 1599w, https:\/\/www.thevisitorpanama.info\/esp\/wp-content\/uploads\/2022\/10\/FOTO-CONATUR-2-768x512.jpg 768w\" sizes=\"(max-width: 1599px) 100vw, 1599px\" \/><\/figure>\n\n\n\n<p>Sobre&nbsp; la campa\u00f1a: \u201cCr\u00e9etelo\u201d que lanz\u00f3 CAMTUR durante el evento inaugural de CONATUR se\u00f1al\u00f3 que: \u201ctenemos un pa\u00eds maravilloso, un pa\u00eds que est\u00e1 listo para ser ense\u00f1ado, un pa\u00eds que millones de personas quieren visitar, probarlo y disfrutarlo.\u201d<\/p>\n\n\n\n<p>Por su parte, el administrador de la ATP, Iv\u00e1n Eskildsen, resalt\u00f3 &nbsp;que los paneles que se realizaron&nbsp; lograron&nbsp; integrar a las c\u00e1maras, que es parte del objetivo de que todo el sector se integre. \u201cLo que vimos &nbsp;reflejado fue el trabajo de una sola industria y es importante mantenernos fieles como paname\u00f1os para lograr esa integraci\u00f3n que deseamos lograr todos\u201d.<\/p>\n\n\n\n<p>&nbsp;\u201c La prosperidad es una idea que une a todos y para que eso se logre hay que diferenciarnos muy bien, por eso se ha elegido el tema de las comunidades para que la idea de destino que se tiene sea realmente&nbsp; lo que nos defina como paname\u00f1os \u201d.<\/p>\n\n\n\n<p>Indic\u00f3 que las comunidades son aquellos grupos humanos que por cientos de a\u00f1os han estado en un sitio, que tienen tradiciones, valores que han sido guardados y trasmitidos de generaci\u00f3n en generaci\u00f3n y eso hace que como pueblo se tenga ra\u00edces fuertes como pa\u00eds.<\/p>\n\n\n\n<p>Eskildsen asegur\u00f3 que el turismo &nbsp;es una herramienta muy poderosa para que las comunidades puedan mantenerse &nbsp;fieles a sus tradiciones, seguir cuidando los ecosistemas que tambi\u00e9n son un tesoro que muchos pa\u00edses no tienen.<\/p>\n\n\n\n<p>Antonio Alfaro, ex presidente de&nbsp; Camtur y fundador de la Conatur, destac\u00f3, por su lado, que la uni\u00f3n &nbsp;es lo que hace la fuerza del sector de la industria y es lo que lo hace crecer.<\/p>\n\n\n\n<p>Durante el acto de cierre de la sexta versi\u00f3n&nbsp; &nbsp;de Conatur se le entreg\u00f3 una placa de reconociemiento al presidente de Conatur y ex presidente de Camtur, Ernesto Orillac<\/p>\n","protected":false},"excerpt":{"rendered":"<p>La &nbsp;sexta versi\u00f3n&nbsp; del Consejo Nacional de Turismo de Panam\u00e1 que se realiz\u00f3 del 25 al 26 de octubre concluy\u00f3, este martes, con la asistencia de m\u00e1s de 600 personas vinculados al sector de la&nbsp; industria. Ovidio D\u00edaz, presidente de la C\u00e1mara&nbsp; Nacional de Turismo (CAMTUR), destac\u00f3 que durante los dos d\u00edas de este importante [&hellip;]<\/p>\n","protected":false},"author":1,"featured_media":12098,"comment_status":"open","ping_status":"open","sticky":false,"template":"","format":"standard","meta":[],"categories":[69],"tags":[],"_links":{"self":[{"href":"https:\/\/www.thevisitorpanama.info\/esp\/wp-json\/wp\/v2\/posts\/12097"}],"collection":[{"href":"https:\/\/www.thevisitorpanama.info\/esp\/wp-json\/wp\/v2\/posts"}],"about":[{"href":"https:\/\/www.thevisitorpanama.info\/esp\/wp-json\/wp\/v2\/types\/post"}],"author":[{"embeddable":true,"href":"https:\/\/www.thevisitorpanama.info\/esp\/wp-json\/wp\/v2\/users\/1"}],"replies":[{"embeddable":true,"href":"https:\/\/www.thevisitorpanama.info\/esp\/wp-json\/wp\/v2\/comments?post=12097"}],"version-history":[{"count":1,"href":"https:\/\/www.thevisitorpanama.info\/esp\/wp-json\/wp\/v2\/posts\/12097\/revisions"}],"predecessor-version":[{"id":12101,"href":"https:\/\/www.thevisitorpanama.info\/esp\/wp-json\/wp\/v2\/posts\/12097\/revisions\/12101"}],"wp:featuredmedia":[{"embeddable":true,"href":"https:\/\/www.thevisitorpanama.info\/esp\/wp-json\/wp\/v2\/media\/12098"}],"wp:attachment":[{"href":"https:\/\/www.thevisitorpanama.info\/esp\/wp-json\/wp\/v2\/media?parent=12097"}],"wp:term":[{"taxonomy":"category","embeddable":true,"href":"https:\/\/www.thevisitorpanama.info\/esp\/wp-json\/wp\/v2\/categories?post=12097"},{"taxonomy":"post_tag","embeddable":true,"href":"https:\/\/www.thevisitorpanama.info\/esp\/wp-json\/wp\/v2\/tags?post=12097"}],"curies":[{"name":"wp","href":"https:\/\/api.w.org\/{rel}","templated":true}]}}