{"id":12083,"date":"2022-10-22T13:27:20","date_gmt":"2022-10-22T18:27:20","guid":{"rendered":"http:\/\/thevisitorpanama.net\/esp\/?p=12083"},"modified":"2022-10-22T13:34:23","modified_gmt":"2022-10-22T18:34:23","slug":"turistas-de-un-crucero-desembarcaron-en-el-distrito-de-sambu-en-darien","status":"publish","type":"post","link":"https:\/\/www.thevisitorpanama.info\/esp\/2022\/10\/22\/turistas-de-un-crucero-desembarcaron-en-el-distrito-de-sambu-en-darien\/","title":{"rendered":"Turistas de un Crucero Desembarcaron en el Distrito de Samb\u00fa en Dari\u00e9n"},"content":{"rendered":"\n<p>Un grupo de turistas que desembarcaron a principios de octubre, en la comunidad La Chunga, en el distrito de\u00a0 Samb\u00fa, en la Comarca Ember\u00e1 Wounaan. Este grupo de visitantes realizaron ecoturismo y conocieron las costumbres y tradiciones de los habitantes de esta regi\u00f3n del pa\u00eds.<\/p>\n\n\n\n<p>Durante el d\u00eda, participaron de sus&nbsp; bailes y se integraron en&nbsp; las labores cotidianas de la comunidad como: pillar arroz y&nbsp; disfrutaron de caminatas por los senderos.&nbsp;La temporada de cruceros se extender\u00e1 hasta abril de 2023 y se busca que los desembarques de visitantes beneficien la econom\u00eda de los moradores del lugar.<\/p>\n\n\n\n<figure class=\"wp-block-image\"><img decoding=\"async\" loading=\"lazy\" width=\"1080\" height=\"676\" src=\"https:\/\/thevisitorpanama.net\/esp\/wp-content\/uploads\/2022\/10\/FB_IMG_1664813084512.jpg\" alt=\"\" class=\"wp-image-12086\" srcset=\"https:\/\/www.thevisitorpanama.info\/esp\/wp-content\/uploads\/2022\/10\/FB_IMG_1664813084512.jpg 1080w, https:\/\/www.thevisitorpanama.info\/esp\/wp-content\/uploads\/2022\/10\/FB_IMG_1664813084512-768x481.jpg 768w\" sizes=\"(max-width: 1080px) 100vw, 1080px\" \/><\/figure>\n\n\n\n<p>El distrito&nbsp;ofrece una vista espectacular de la naturaleza virgen y especies \u00fanicas como el \u00e1guila arp\u00eda, que tiene&nbsp; como h\u00e1bitat el Parque Nacional Dari\u00e9n. Adem\u00e1s, son muy gustadas las artesan\u00edas&nbsp; cestas y de cocobolo, y por este territorio atraviesa el r\u00edo Chucunaque, un medio de comunicaci\u00f3n importante en la provincia de Dari\u00e9n y la comarca.<\/p>\n\n\n\n<p>El alcalde del&nbsp;distrito&nbsp;de&nbsp;Samb\u00fa, Crisolo Isarama Caisamo, manifest\u00f3 que&nbsp;&nbsp;en el&nbsp; Plan de Inversi\u00f3n Municipal se contempla la construcci\u00f3n de&nbsp;boh\u00edos t\u00edpico de estilo&nbsp;Tampo&nbsp;y de&nbsp;&nbsp;estilo rancho y mejorar los servicios que se ofrecen para realizar senderismo y&nbsp;log\u00edstica acu\u00e1tica<\/p>\n\n\n\n<figure class=\"wp-block-image\"><img decoding=\"async\" loading=\"lazy\" width=\"1080\" height=\"715\" src=\"https:\/\/thevisitorpanama.net\/esp\/wp-content\/uploads\/2022\/10\/FOTO-TURISTAS-1.jpg\" alt=\"\" class=\"wp-image-12087\" srcset=\"https:\/\/www.thevisitorpanama.info\/esp\/wp-content\/uploads\/2022\/10\/FOTO-TURISTAS-1.jpg 1080w, https:\/\/www.thevisitorpanama.info\/esp\/wp-content\/uploads\/2022\/10\/FOTO-TURISTAS-1-768x508.jpg 768w\" sizes=\"(max-width: 1080px) 100vw, 1080px\" \/><\/figure>\n\n\n\n<p>Destac\u00f3 que&nbsp;el Municipio&nbsp; seguir\u00e1 gestionando el destino, con&nbsp; el fin de buscar las alianzas p\u00fablico-privada para promover el turismo y la econom\u00eda. \u201c Esto redundar\u00e1 en beneficio de los artesanos, los productores agr\u00edcolas, que viven en la comarca&#8221;.<\/p>\n\n\n\n<p>Tambi\u00e9n el Municipio-dijo- est\u00e1 enfocado en integrar a los estudiantes del IPT UNADRUSIA del bachiller de turismo, para que participen en las actividades tur\u00edsticas como danzas y otras actividades culturales.<\/p>\n\n\n\n<p>En julio de este a\u00f1o, la Autoridad de Turismo de Panam\u00e1 (ATP) y los municipios de&nbsp;Samb\u00fa&nbsp;y C\u00e9maco, ubicados en la Comarca Ember\u00e1 Wounaan, suscribieron un convenio marco de cooperaci\u00f3n, con el prop\u00f3sito de impulsar programas y proyectos que faciliten el desarrollo del turismo sostenible.<\/p>\n\n\n\n<figure class=\"wp-block-image\"><img decoding=\"async\" loading=\"lazy\" width=\"1080\" height=\"715\" src=\"https:\/\/thevisitorpanama.net\/esp\/wp-content\/uploads\/2022\/10\/FOTO-TRUISTAS-22.jpg\" alt=\"\" class=\"wp-image-12088\" srcset=\"https:\/\/www.thevisitorpanama.info\/esp\/wp-content\/uploads\/2022\/10\/FOTO-TRUISTAS-22.jpg 1080w, https:\/\/www.thevisitorpanama.info\/esp\/wp-content\/uploads\/2022\/10\/FOTO-TRUISTAS-22-768x508.jpg 768w\" sizes=\"(max-width: 1080px) 100vw, 1080px\" \/><\/figure>\n\n\n\n<p>El documento lo firm\u00f3 el administrador general de la ATP, Iv\u00e1n Eskildsen; el alcalde del&nbsp;distrito&nbsp;de&nbsp;Samb\u00fa, Crisolo Isarama Caisamo; el alcalde del&nbsp;distrito&nbsp;de C\u00e9maco, Francisco Agapi Chami; y como observador estuvo presente el&nbsp;&nbsp;gobernador de la Comarca Ember\u00e1 Wounaan, Sen Zarco Dogirama.<\/p>\n\n\n\n<p>Con la firma del convenio se estableci\u00f3 la cooperaci\u00f3n para la coordinaci\u00f3n administrativa y t\u00e9cnica para el desarrollo de proyectos que permitan impulsar el desarrollo tur\u00edstico sostenible en la Comarca&nbsp; y para desarrollar una oferta tur\u00edstica competitiva, diversificada y complementaria; asimismo, apoyar con programas de sensibilizaci\u00f3n de cultura tur\u00edstica&nbsp;&nbsp;e identificar oportunidades de formaci\u00f3n acad\u00e9mica.<\/p>\n\n\n\n<p>Adem\u00e1s, los municipios de&nbsp;Samb\u00fa&nbsp;y C\u00e9maco crear\u00e1n, cada uno en su jurisdicci\u00f3n, la secretar\u00eda de turismo municipal y promover\u00e1n a trav\u00e9s de las diferentes campa\u00f1as el conocimiento sobre las pr\u00e1cticas de turismo responsable entre los diferentes actores de la cadena de valor del sector de la Comarca.&nbsp;<\/p>\n\n\n\n<p>Tambi\u00e9n se acord\u00f3 que tanto la ATP como ambos municipios implementar\u00e1n acciones para cuidar el medio ambiente, facilitar asesor\u00edas y capacitaciones sobre manejo de desechos y pr\u00e1cticas sostenibles.<\/p>\n\n\n\n<p>De igual forma este convenio promueve la participaci\u00f3n de las mujeres en el desarrollo del turismo en la comarca y busca establecer el programa Ember\u00e1 Dyio que tiene el fin de promover la cultura al m\u00e1s alto nivel nacional e internacional.<\/p>\n\n\n\n<p>El convenio tendr\u00e1 un t\u00e9rmino de duraci\u00f3n de cinco a\u00f1os, que podr\u00e1 prorrogarse de com\u00fan acuerdo con las autoridades municipales y la ATP.<\/p>\n\n\n\n<p>El circuito \u201cPanam\u00e1 Ind\u00edgena\u201d es una de las estrategias del Plan Maestro de Turismo Sostenible (PMTS 2020-2025) que desarrolla la ATP en coordinaci\u00f3n con las autoridades comarcales, con la finalidad de mostrar la cosmovisi\u00f3n, tradiciones, recursos tur\u00edsticos y que el viajero entre en contacto con la sabidur\u00eda y conexiones espirituales de las comunidades ind\u00edgenas.<br><\/p>\n","protected":false},"excerpt":{"rendered":"<p>Un grupo de turistas que desembarcaron a principios de octubre, en la comunidad La Chunga, en el distrito de\u00a0 Samb\u00fa, en la Comarca Ember\u00e1 Wounaan. Este grupo de visitantes realizaron ecoturismo y conocieron las costumbres y tradiciones de los habitantes de esta regi\u00f3n del pa\u00eds. Durante el d\u00eda, participaron de sus&nbsp; bailes y se integraron [&hellip;]<\/p>\n","protected":false},"author":1,"featured_media":12085,"comment_status":"open","ping_status":"open","sticky":false,"template":"","format":"standard","meta":[],"categories":[44],"tags":[],"_links":{"self":[{"href":"https:\/\/www.thevisitorpanama.info\/esp\/wp-json\/wp\/v2\/posts\/12083"}],"collection":[{"href":"https:\/\/www.thevisitorpanama.info\/esp\/wp-json\/wp\/v2\/posts"}],"about":[{"href":"https:\/\/www.thevisitorpanama.info\/esp\/wp-json\/wp\/v2\/types\/post"}],"author":[{"embeddable":true,"href":"https:\/\/www.thevisitorpanama.info\/esp\/wp-json\/wp\/v2\/users\/1"}],"replies":[{"embeddable":true,"href":"https:\/\/www.thevisitorpanama.info\/esp\/wp-json\/wp\/v2\/comments?post=12083"}],"version-history":[{"count":3,"href":"https:\/\/www.thevisitorpanama.info\/esp\/wp-json\/wp\/v2\/posts\/12083\/revisions"}],"predecessor-version":[{"id":12090,"href":"https:\/\/www.thevisitorpanama.info\/esp\/wp-json\/wp\/v2\/posts\/12083\/revisions\/12090"}],"wp:featuredmedia":[{"embeddable":true,"href":"https:\/\/www.thevisitorpanama.info\/esp\/wp-json\/wp\/v2\/media\/12085"}],"wp:attachment":[{"href":"https:\/\/www.thevisitorpanama.info\/esp\/wp-json\/wp\/v2\/media?parent=12083"}],"wp:term":[{"taxonomy":"category","embeddable":true,"href":"https:\/\/www.thevisitorpanama.info\/esp\/wp-json\/wp\/v2\/categories?post=12083"},{"taxonomy":"post_tag","embeddable":true,"href":"https:\/\/www.thevisitorpanama.info\/esp\/wp-json\/wp\/v2\/tags?post=12083"}],"curies":[{"name":"wp","href":"https:\/\/api.w.org\/{rel}","templated":true}]}}