{"id":12058,"date":"2022-10-17T22:05:51","date_gmt":"2022-10-18T03:05:51","guid":{"rendered":"http:\/\/thevisitorpanama.net\/esp\/?p=12058"},"modified":"2022-10-17T22:06:15","modified_gmt":"2022-10-18T03:06:15","slug":"chitre-celebrara-un-19-de-octubre-historico-con-mas-carretas-como-lo-dicta-la-tradicion","status":"publish","type":"post","link":"https:\/\/www.thevisitorpanama.info\/esp\/2022\/10\/17\/chitre-celebrara-un-19-de-octubre-historico-con-mas-carretas-como-lo-dicta-la-tradicion\/","title":{"rendered":"Chitr\u00e9 Celebrar\u00e1 un &#8220;19 de Octubre Hist\u00f3rico&#8221; con M\u00e1s Carretas como lo Dicta la Tradici\u00f3n"},"content":{"rendered":"\n<p>En la ciudad de Chitr\u00e9, provincia de Herrera, ya iniciaron las actividades conmemorativas previas al 19 de octubre, d\u00eda en que celebran su &#8216;174 Aniversario de Elevaci\u00f3n a Distrito Parroquial de Chitr\u00e9&#8217;. Este a\u00f1o la Junta de Festejos de Chitr\u00e9 ha manifestado su inter\u00e9s de retomar m\u00e1s la parte hist\u00f3rica del desfile, por lo que se ver\u00e1n m\u00e1s carretas engalanar las calles chitreanas el mi\u00e9rcoles 19 de octubre.\u00a0<br>\u00bfC\u00f3mo y por qu\u00e9 surge esta festividad? \u00bfQu\u00e9 importancia tiene el 19 de octubre para los chitreanos y su Distrito?\u00a0<br>El profesor e historiador herrerano Osvaldo Xavier Urriola, quien adem\u00e1s es experto en turismo hist\u00f3rico, convers\u00f3 con The Visitor\/ El Visitante para ampliar el trasfondo e importancia de esta fecha.\u00a0<br>Algo que coment\u00f3 el profesor Urriola desde que empez\u00f3  la entrevista, es que Chitr\u00e9 en sus inicios form\u00f3 parte de La Villa de Los Santos en la \u00e9poca colonial. Fue hasta en 1915, con la creaci\u00f3n de las provincias de Herrera y Los Santos, cuando Chitr\u00e9 qued\u00f3 como la cabecera o capital de la provincia de Herrera, y Las Tablas qued\u00f3 como la capital de Los Santos.\u00a0<br>&#8220;Chitr\u00e9 es m\u00e1s antiguo de lo que se cree, se dice que fue uno de los primeros pueblos que fundaron los espa\u00f1oles en donde agruparon a los ind\u00edgenas para evangelizarlos&#8221; destac\u00f3 Urriola.\u00a0<br>Los chitreanos en el siglo 19 despu\u00e9s de la independencia de Panam\u00e1 de Espa\u00f1a, no ten\u00edan una iglesia, por lo que ten\u00edan que cruzar el r\u00edo de La Villa para escuchar la misa en San Atanasio en La Villa de Los Santos.\u00a0Fue cuando chitreanos le sugirieron al padre de la iglesia de La Villa, que abriera una capilla en Chitr\u00e9, donde hoy d\u00eda queda la Catedral. El se\u00f1or Mat\u00edas Rodriguez, fue quien consigui\u00f3 la primera imagen de San Juan Bautista y una campana procedente de Par\u00eds Francia. &#8220;Ya estando la capilla ah\u00ed, la regi\u00f3n ten\u00eda una parroquia y no tuvieron la necesidad de trasladarse m\u00e1s a La Villa&#8221; acot\u00f3 el experto en turismo hist\u00f3rico.\u00a0<br>En ese tiempo para el 19 de octubre de 1848, el gobernador de Panam\u00e1, el General Tom\u00e1s Herrera -por medio de una Ordenanza &#8211; elev\u00f3 a Chitr\u00e9 como el Distrito Parroquial de Chitr\u00e9.\u00a0No obstante fue 100 a\u00f1os despu\u00e9s, el 19 de octubre de 1948, cuando se decide festejar por primera vez este gran acontecimiento con la celebraci\u00f3n de los 100 a\u00f1os de la Fundaci\u00f3n del Distrito Parroquial de Chitr\u00e9.\u00a0<br>&#8220;Para ese tiempo estaban entrando los primeros autos, y se ve\u00edan menos carretas. Fue la se\u00f1ora Elida Barrag\u00e1n, a quien se le ocurri\u00f3 &#8211; para dicha festividad &#8211; que se sacaran 100 carretas: cada una de ellas representar\u00eda un a\u00f1o de vida distrital, y as\u00ed quedar\u00eda palpable esa transici\u00f3n de\u00a0 transportes: de carretas a carros.\u00a0<br>Ese a\u00f1o se eligi\u00f3 a la dama Fita Campod\u00f3nico, para ser coronada como la &#8216;Se\u00f1orita Centenario&#8217;\u00a0 del 19 de octubre de 1948, otra innovaci\u00f3n de esta fiesta chitreana que m\u00e1s adelante fue inspiraci\u00f3n para la creaci\u00f3n del &#8216;El Festival de La Mejorana&#8217; donde se conserva m\u00e1s el uso exclusivo de las carretas en la actualidad.\u00a0<br>En la ciudad de Chitr\u00e9 la festividad se fue comercializando, y con los a\u00f1os se fueron reemplazando las carretas con el uso de plataformas con las mulas, donde cabr\u00edan mejor los detalles folcl\u00f3ricos junto a la publicidad que llevaban. Adem\u00e1s influ\u00eda el hecho de que los animales que trasladaban las carretas se asustaban con los fuegos artificiales.\u00a0<br>Urriola mencion\u00f3 que este a\u00f1o con la coyuntura de la pandemia, los organizadores pensaron en retomar con mayor ah\u00ednco el uso de las carretas con motivos folcl\u00f3ricos, para que fuesen las grandes protagonistas de su actividad principal: el desfile del 19 de octubre, esto a su vez para salvaguardar y rescatar la esencia del primer desfile, en el marco del centenario de vida distrital de Chitr\u00e9.\u00a0<br>La Caravana Veh\u00edcular con fines m\u00e1s comerciales con matices folcl\u00f3ricos, se llev\u00f3 a cabo el s\u00e1bado primero de octubre en los cinco corregimientos que conforman dicho distrito.\u00a0<br>El historiador a\u00f1adi\u00f3 para concluir, que si bien se rememora la Elevaci\u00f3n del Distrito Parroquial de Chitr\u00e9, tambi\u00e9n se le puede mencionar como la Fiesta de la Fundaci\u00f3n del Distrito de Chitr\u00e9.<\/p>\n","protected":false},"excerpt":{"rendered":"<p>En la ciudad de Chitr\u00e9, provincia de Herrera, ya iniciaron las actividades conmemorativas previas al 19 de octubre, d\u00eda en que celebran su &#8216;174 Aniversario de Elevaci\u00f3n a Distrito Parroquial de Chitr\u00e9&#8217;. Este a\u00f1o la Junta de Festejos de Chitr\u00e9 ha manifestado su inter\u00e9s de retomar m\u00e1s la parte hist\u00f3rica del desfile, por lo que [&hellip;]<\/p>\n","protected":false},"author":1,"featured_media":12059,"comment_status":"open","ping_status":"open","sticky":false,"template":"","format":"standard","meta":[],"categories":[69],"tags":[],"_links":{"self":[{"href":"https:\/\/www.thevisitorpanama.info\/esp\/wp-json\/wp\/v2\/posts\/12058"}],"collection":[{"href":"https:\/\/www.thevisitorpanama.info\/esp\/wp-json\/wp\/v2\/posts"}],"about":[{"href":"https:\/\/www.thevisitorpanama.info\/esp\/wp-json\/wp\/v2\/types\/post"}],"author":[{"embeddable":true,"href":"https:\/\/www.thevisitorpanama.info\/esp\/wp-json\/wp\/v2\/users\/1"}],"replies":[{"embeddable":true,"href":"https:\/\/www.thevisitorpanama.info\/esp\/wp-json\/wp\/v2\/comments?post=12058"}],"version-history":[{"count":1,"href":"https:\/\/www.thevisitorpanama.info\/esp\/wp-json\/wp\/v2\/posts\/12058\/revisions"}],"predecessor-version":[{"id":12060,"href":"https:\/\/www.thevisitorpanama.info\/esp\/wp-json\/wp\/v2\/posts\/12058\/revisions\/12060"}],"wp:featuredmedia":[{"embeddable":true,"href":"https:\/\/www.thevisitorpanama.info\/esp\/wp-json\/wp\/v2\/media\/12059"}],"wp:attachment":[{"href":"https:\/\/www.thevisitorpanama.info\/esp\/wp-json\/wp\/v2\/media?parent=12058"}],"wp:term":[{"taxonomy":"category","embeddable":true,"href":"https:\/\/www.thevisitorpanama.info\/esp\/wp-json\/wp\/v2\/categories?post=12058"},{"taxonomy":"post_tag","embeddable":true,"href":"https:\/\/www.thevisitorpanama.info\/esp\/wp-json\/wp\/v2\/tags?post=12058"}],"curies":[{"name":"wp","href":"https:\/\/api.w.org\/{rel}","templated":true}]}}