{"id":12035,"date":"2022-10-12T23:32:16","date_gmt":"2022-10-13T04:32:16","guid":{"rendered":"http:\/\/thevisitorpanama.net\/esp\/?p=12035"},"modified":"2022-10-12T23:40:45","modified_gmt":"2022-10-13T04:40:45","slug":"empezo-la-feria-internacional-del-mar-de-bocas-del-toro","status":"publish","type":"post","link":"https:\/\/www.thevisitorpanama.info\/esp\/2022\/10\/12\/empezo-la-feria-internacional-del-mar-de-bocas-del-toro\/","title":{"rendered":"Empez\u00f3 la Feria Internacional del Mar de Bocas del Toro"},"content":{"rendered":"\n<p>Ayer mi\u00e9rcoles 12 de octubre, se inaugur\u00f3 la Feria Internacional del Mar, Agroecol\u00f3gica y Tur\u00edstica, en su quincuag\u00e9sima octava versi\u00f3n, un evento que ha propiciado una ocupaci\u00f3n hotelera de un 100% en Isla Col\u00f3n, en la provincia de Bocas del Toro.<\/p>\n\n\n\n<p>De acuerdo con la directora regional de la\nAutoridad de Turismo de Panam\u00e1 (ATP) en esta regi\u00f3n, Lesbia Rubides, las 126\nestructuras de hospedajes (hoteles, hostales, residenciales y aparta hoteles\nregistrados en la entidad), est\u00e1n a su m\u00e1xima capacidad.<\/p>\n\n\n\n<p>\u201cHan llamado de diferentes puntos del pa\u00eds\npara reservar habitaciones, pero no hay espacios en estos momentos en Isla\nCol\u00f3n, por lo que los interesados en disfrutar de la feria se han visto en la\nnecesidad de solicitar alojamiento en las islas aleda\u00f1as: Carenero y Bastimento\u201d,\ndeclar\u00f3 la funcionaria.<\/p>\n\n\n\n<p>\n\n\n\nEsta versi\u00f3n de la feria corresponde a la de 2020, la cual fue suspendida por\nla pandemia y este a\u00f1o se decidi\u00f3 trasladar el evento al mes de octubre en\ntemporada alta, y desde ya se est\u00e1n recibiendo visitantes de la capital,\nEuropa, Estados Unidos y Costa Rica.<\/p>\n\n\n\n<p>Yarai Moreno, oriunda del distrito de\nChiriqu\u00ed Grade, fue escogida reina de la feria y como virreinas Yasuany Walcott\n, y Esperanza V\u00e1squez, de los distritos de Almirante y Bocas del Toro\nrespectivamente, y participar\u00e1n en todas las actividades que se desarrollar\u00e1n\nen el sector \u201cEl Istmito o La Caba\u00f1a\u201d, donde est\u00e1 ubicada la playa m\u00e1s cercana\na la ciudad de la provincia de aproximadamente 2 km.<\/p>\n\n\n\n<p>Las actividades iniciar\u00e1n con fuegos\nartificiales, presentaciones art\u00edsticas-culturales, discotecas, recorrido de la\nreina Yarai Moreno y su corte por los diferentes pabellones y adem\u00e1s, la\nentrega de la bandera al abanderado de la feria, el administrador general de la\nATP, Iv\u00e1n Eskildsen.<\/p>\n\n\n\n<p>El jueves 13 de octubre, a partir de la 9:00a.m.,\nse realizaran los torneos de voleibol (masculino y femenino) y presentaciones\nculturales, que se extender\u00e1n hasta horas de la noche.<\/p>\n\n\n\n<p>La programaci\u00f3n tambi\u00e9n incluye para el\nviernes 14 de octubre, carteleras box\u00edsticas, espect\u00e1culo de jetski, competencia\nde kayak, carrera de remo, juegos y cantos de ni\u00f1os.<\/p>\n\n\n\n<p>Mientras que el s\u00e1bado 15 de octubre se\nrealizar\u00e1 el torneo de pesca, en el que podr\u00e1n participar hombres y mujeres,\ncampeonato de lazos, exhibici\u00f3n de mascotas, desaf\u00edo de gallos, desfiles de comparsas.<\/p>\n\n\n\n<p>Y el domingo, 16 de octubre, habr\u00e1\ncompetencias de palo encebado, torneo de domin\u00f3, las finales de lazos, de\nf\u00fatbol y voleibol, carrera de lanchas y de 3:00 p.m. a 3:40 p.m. se celebrar\u00e1\nel sorteo de la Loter\u00eda Nacional de Beneficencia (LNB).<\/p>\n\n\n\n<p>Durante los cinco d\u00edas de feria, los\nvisitantes podr\u00e1n disfrutar de la exquisita gastronom\u00eda de la regi\u00f3n como:\narroz con coco, pescado en scobich, entre otros platillos a base de mariscos.<\/p>\n\n\n\n<p>Esta importante feria, que tiene como\npatrocinador principal a la ATP, se realiz\u00f3 por primera vez en 1962 como un\nfestival para celebrar a los pescadores y barqueros, pero con el correr del\ntiempo se ha convertido en un evento que atrae a miles de turistas nacionales e\ninternacionales al archipi\u00e9lago de Bocas del Toro; adem\u00e1s es un motor para la\neconom\u00eda de la regi\u00f3n.<\/p>\n","protected":false},"excerpt":{"rendered":"<p>Ayer mi\u00e9rcoles 12 de octubre, se inaugur\u00f3 la Feria Internacional del Mar, Agroecol\u00f3gica y Tur\u00edstica, en su quincuag\u00e9sima octava versi\u00f3n, un evento que ha propiciado una ocupaci\u00f3n hotelera de un 100% en Isla Col\u00f3n, en la provincia de Bocas del Toro. De acuerdo con la directora regional de la Autoridad de Turismo de Panam\u00e1 (ATP) [&hellip;]<\/p>\n","protected":false},"author":1,"featured_media":12037,"comment_status":"open","ping_status":"open","sticky":false,"template":"","format":"standard","meta":[],"categories":[69],"tags":[],"_links":{"self":[{"href":"https:\/\/www.thevisitorpanama.info\/esp\/wp-json\/wp\/v2\/posts\/12035"}],"collection":[{"href":"https:\/\/www.thevisitorpanama.info\/esp\/wp-json\/wp\/v2\/posts"}],"about":[{"href":"https:\/\/www.thevisitorpanama.info\/esp\/wp-json\/wp\/v2\/types\/post"}],"author":[{"embeddable":true,"href":"https:\/\/www.thevisitorpanama.info\/esp\/wp-json\/wp\/v2\/users\/1"}],"replies":[{"embeddable":true,"href":"https:\/\/www.thevisitorpanama.info\/esp\/wp-json\/wp\/v2\/comments?post=12035"}],"version-history":[{"count":1,"href":"https:\/\/www.thevisitorpanama.info\/esp\/wp-json\/wp\/v2\/posts\/12035\/revisions"}],"predecessor-version":[{"id":12036,"href":"https:\/\/www.thevisitorpanama.info\/esp\/wp-json\/wp\/v2\/posts\/12035\/revisions\/12036"}],"wp:featuredmedia":[{"embeddable":true,"href":"https:\/\/www.thevisitorpanama.info\/esp\/wp-json\/wp\/v2\/media\/12037"}],"wp:attachment":[{"href":"https:\/\/www.thevisitorpanama.info\/esp\/wp-json\/wp\/v2\/media?parent=12035"}],"wp:term":[{"taxonomy":"category","embeddable":true,"href":"https:\/\/www.thevisitorpanama.info\/esp\/wp-json\/wp\/v2\/categories?post=12035"},{"taxonomy":"post_tag","embeddable":true,"href":"https:\/\/www.thevisitorpanama.info\/esp\/wp-json\/wp\/v2\/tags?post=12035"}],"curies":[{"name":"wp","href":"https:\/\/api.w.org\/{rel}","templated":true}]}}