{"id":11913,"date":"2022-09-27T21:02:39","date_gmt":"2022-09-28T02:02:39","guid":{"rendered":"http:\/\/thevisitorpanama.net\/esp\/?p=11913"},"modified":"2022-09-27T21:03:08","modified_gmt":"2022-09-28T02:03:08","slug":"michael-chen-colon-es-la-ciudad-mejor-trazada-en-centroamerica-y-tiene-el-potencial-para-ser-un-casco-antiguo-en-esteroides","status":"publish","type":"post","link":"https:\/\/www.thevisitorpanama.info\/esp\/2022\/09\/27\/michael-chen-colon-es-la-ciudad-mejor-trazada-en-centroamerica-y-tiene-el-potencial-para-ser-un-casco-antiguo-en-esteroides\/","title":{"rendered":"Michael Chen:  Col\u00f3n es la Ciudad Mejor Trazada en Centroam\u00e9rica y tiene el Potencial para ser un Casco Antiguo en Esteroides."},"content":{"rendered":"\n<p>Lleg\u00f3 a la C\u00e1mara de Comercio de Col\u00f3n con\ntan solo 22 a\u00f1os para dinamizarla. Despu\u00e9s de 12 a\u00f1os como miembro activo, se\npostula a la presidencia del gremio y se convierte en el presidente m\u00e1s joven\nde la C\u00e1mara m\u00e1s antigua del pa\u00eds.<\/p>\n\n\n\n<p>Micheal Chen es un convencido de que Panam\u00e1 tiene un\nfuturo prometedor por su ubicaci\u00f3n privilegiada y The Visitor \u2013 El Visitante\ntambi\u00e9n lo piensa. Por esa raz\u00f3n hemos invitado a este Joven L\u00edder y visionario\ncon mucho que ofrecer a la Provincia de Col\u00f3n y todo Panam\u00e1 para un Reportaje\nEspecial de dos partes. Esta es la primera&#8230;<\/p>\n\n\n\n<figure class=\"wp-block-image\"><img decoding=\"async\" loading=\"lazy\" width=\"1280\" height=\"854\" src=\"https:\/\/thevisitorpanama.net\/esp\/wp-content\/uploads\/2022\/09\/IMG-20220922-WA0005.jpg\" alt=\"\" class=\"wp-image-11916\"\/><figcaption>Michael Chen<\/figcaption><\/figure>\n\n\n\n<p><strong>Porque la Ciudad de Col\u00f3n ha sido abandonada por todos los\npaname\u00f1os?&nbsp; Lo \u00fanico que trabaja es lo econ\u00f3mico pero igual no llega a la\nprovincia.<\/strong><\/p>\n\n\n\n<p>\u201cTres palabras fundamentales: enfoque, voluntad y\nconveniencia.&nbsp; \u00bfPorqu\u00e9? Nos hemos enfocado tanto en la zona libre y los\npuertos que hemos perdido el norte en las otras \u00e1reas.&nbsp; No hemos puesto\nnuestros ojos en el activo m\u00e1s importante de Col\u00f3n que es la gente.&nbsp;Debido\na esto, existe una fuga de talentos de colonenses a otras latitudes en busca de\nun mejor futuro.&nbsp;&nbsp;<\/p>\n\n\n\n<p>Al no ponerle\natenci\u00f3n a la Ciudad de Col\u00f3n, a la Costa Abajo y a la Costa Arriba, crece la\ninseguridad, la falta de inversi\u00f3n, falta de mantenimiento, falta de todo y la\ngente decide irse a otros lados m\u00e1s \u201cconvenientes\u201d.&nbsp; De esta manera se\nabre la ventana para que lo malo se apodere de espacios que son\nolvidados.&nbsp;Todav\u00eda estamos a tiempo de cambiar Col\u00f3n.\u201d&nbsp;&nbsp;<\/p>\n\n\n\n<figure class=\"wp-block-image\"><img decoding=\"async\" loading=\"lazy\" width=\"1600\" height=\"1600\" src=\"https:\/\/thevisitorpanama.net\/esp\/wp-content\/uploads\/2022\/09\/Compress_20220926_233200_0347.jpg\" alt=\"\" class=\"wp-image-11917\" srcset=\"https:\/\/www.thevisitorpanama.info\/esp\/wp-content\/uploads\/2022\/09\/Compress_20220926_233200_0347.jpg 1600w, https:\/\/www.thevisitorpanama.info\/esp\/wp-content\/uploads\/2022\/09\/Compress_20220926_233200_0347-150x150.jpg 150w\" sizes=\"(max-width: 1600px) 100vw, 1600px\" \/><figcaption>Michael Chen<\/figcaption><\/figure>\n\n\n\n<p><strong>La inseguridad no permite que las personas visiten la\nCiudad, aunque se han hecho proyectos con las pandillas, esa percepci\u00f3n\ncontin\u00faa y se agudiza. Qu\u00e9 sientes se puede empezar a ejecutar para lograr\nresultados r\u00e1pidos para empezar.<\/strong><\/p>\n\n\n\n<p>\u201cNo soy un experto pero te puedo decir que cuando la gente\npiensa en seguridad, nada mas se enfoca en polic\u00edas, armas, etc. pero la\nseguridad va mucho m\u00e1s all\u00e1.&nbsp; Seguridad tambi\u00e9n tiene componentes muy\nimportantes como la prevenci\u00f3n, capacitaci\u00f3n y educaci\u00f3n.<\/p>\n\n\n\n<p>Por esto, nosotros proponemos un Comit\u00e9 de Seguridad por\nColon que involucre a la sociedad civil, la empresa privada, el gobierno local,\nel gobierno nacional y la comunidad internacional para ayudar a solucionar las\ndistintas problem\u00e1ticas en materia de seguridad de Col\u00f3n.&nbsp; De esta manera,\nlos distintos actores representativos de la sociedad colonense pueden ayudar\nentre todos a marcar la l\u00ednea a seguir para contrarrestar los efectos\nocasionados por la inseguridad.&nbsp;&nbsp;<\/p>\n\n\n\n<figure class=\"wp-block-image\"><img decoding=\"async\" loading=\"lazy\" width=\"1600\" height=\"1600\" src=\"https:\/\/thevisitorpanama.net\/esp\/wp-content\/uploads\/2022\/09\/Compress_20220926_233200_0719.jpg\" alt=\"\" class=\"wp-image-11918\" srcset=\"https:\/\/www.thevisitorpanama.info\/esp\/wp-content\/uploads\/2022\/09\/Compress_20220926_233200_0719.jpg 1600w, https:\/\/www.thevisitorpanama.info\/esp\/wp-content\/uploads\/2022\/09\/Compress_20220926_233200_0719-150x150.jpg 150w\" sizes=\"(max-width: 1600px) 100vw, 1600px\" \/><figcaption>Michael Chen<\/figcaption><\/figure>\n\n\n\n<p>Al mismo tiempo, cada vez que viene un gobierno cambian los\nplanes y enfoques.&nbsp; No existe un seguimiento en materia de seguridad para\nColon.&nbsp; Por esto el comit\u00e9 es importante para que no importa el gobierno\nque venga, el enfoque y el plan son los mismos y se le puede garantizar\nsostenibilidad a trav\u00e9s del tiempo.<\/p>\n\n\n\n<p>Obviamente no se va a\npoder eliminar por completo la inseguridad pero se pueden crear medidas\ninnovadoras y creativas para minimizarla y brindar otras ofertas (empleos,\nemprendimientos, turismo) que no sean el crimen organizado y el\npandillerismo.&nbsp; Un ejemplo de esto es Medell\u00edn en donde la gente ahora\nvive y gana m\u00e1s del turismo que de las drogas.&nbsp;&nbsp;<\/p>\n\n\n\n<p><strong>La historia de Col\u00f3n, los personajes que han pasado por su\ncalles, son su valor m\u00e1s importante, pero ha quedado encerrado entre los\nedificios desgastados. C\u00f3mo podemos hacer desde ya para elevar a la atenci\u00f3n\ncolectiva las historias a profundidad de Col\u00f3n?<\/strong><\/p>\n\n\n\n<p>\u201cCuando la gente piensa en Col\u00f3n, piensa en la Zona Libre y\nen los puertos pero es mucho m\u00e1s que eso.&nbsp;Tambi\u00e9n es historia,\ngastronom\u00eda, cultura y lo m\u00e1s importante: su gente.&nbsp; &nbsp;<\/p>\n\n\n\n<p>Dicho esto, hago un\nmea culpa y digo que todos (sociedad civil, empresarios, gobierno) no hemos\nhecho un buen trabajo para destacar lo bueno de Col\u00f3n.&nbsp;Hemos ca\u00eddo en una\ncultura de desgano, de un \u201cpoco me importa\u201d y de dejadez por mucho\ntiempo.&nbsp;Los a\u00f1os han pasado y hemos estado esperando que \u201calguien\u201d haga\nalgo por nosotros.&nbsp; La verdad es que el verdadero cambio sostenible de Col\u00f3n\ndebe empezar por nosotros.&nbsp; Con un cambio de ACTITUD y FORMA DE PENSAR.<\/p>\n\n\n\n<figure class=\"wp-block-image\"><img decoding=\"async\" loading=\"lazy\" width=\"1080\" height=\"1095\" src=\"https:\/\/thevisitorpanama.net\/esp\/wp-content\/uploads\/2022\/09\/IMG-20220922-WA0009.jpg\" alt=\"\" class=\"wp-image-11920\"\/><figcaption>Michael Chen<\/figcaption><\/figure>\n\n\n\n<p>Por eso la \u00fanica manera\nde elevar la atenci\u00f3n colectiva de lo mejor de Colon es a trav\u00e9s de nosotros\nmismos.&nbsp; A trav\u00e9s de cosas creativas e innovadoras, de iniciativas que\nparecen insignificantes (botar la basura apropiadamente, buenos modales, seguir\nlas leyes, ser propositivos en buscar soluciones, etc.) pero que tienen un gran\nimpacto.&nbsp;&nbsp;<\/p>\n\n\n\n<p>A trav\u00e9s de la C\u00e1mara\nde Comercio de Col\u00f3n hemos iniciado una campa\u00f1a muy buena llamada \u201cEl Cambio\nComienza por Mi\u201d para incidir en los j\u00f3venes colonenses y en nuestra\npoblaci\u00f3n.&nbsp; Para hacerles saber de que Col\u00f3n es una gran provincia y que\ncada uno de nosotros desde nuestras trincheras podemos ayudar a que nuestra\nprovincia cambie.&nbsp; Solo con iniciativas de la sociedad civil y la empresa\nprivada que perduren a trav\u00e9s del tiempo se logra el verdadero desarrollo\nsostenible.&nbsp; De esta manera, no importa el gobierno que venga, ya sabemos\nqu\u00e9 queremos, c\u00f3mo lo queremos y por qu\u00e9 lo queremos.&nbsp; Esta en nosotros\nlos colonenses llevar las ideas a la acci\u00f3n.&nbsp;&nbsp;<\/p>\n\n\n\n<p><strong>La educaci\u00f3n es vital, tal vez un proyecto como el que se\nejecut\u00f3 en Medell\u00edn para resocializar a una gran poblaci\u00f3n que vivi\u00f3 en la\nciudad m\u00e1s violenta del mundo durante los 80\u2019 pudiera ayudar?<\/strong><\/p>\n\n\n\n<p>\u201cCreo que la renovaci\u00f3n urbana de la Ciudad de Col\u00f3n y el\nproyecto de Alto de los Lagos ten\u00eda intenciones nobles pero fue muy mal\nplanificada, administrada y ejecutada.&nbsp; Creo que se les olvido lo m\u00e1s\nimportante que es nuestra gente.&nbsp;<\/p>\n\n\n\n<p>Hago estas preguntas:&nbsp;&nbsp;<\/p>\n\n\n\n<p>\u00bfDe que nos vale tener la mejor ciudad con los mejores\nedificios si nosotros mismos no los vamos a cuidar?&nbsp; De que nos vale tener\nla mejor reactivaci\u00f3n econ\u00f3mica con turismo, si no vamos a ofrecer un servicio\nde excelencia.&nbsp; De qu\u00e9 nos vale tener la mejor educaci\u00f3n si no la\naplicamos con valores y principios?<\/p>\n\n\n\n<p>Por eso es muy\nimportante no reinventar la rueda.&nbsp; Hay otros ejemplos de ciudades como Medell\u00edn\ny Guayaquil que podemos utilizar y aplicar en Col\u00f3n.&nbsp; Obviamente tenemos\nque adaptar esas iniciativas a nuestras realidades pero podemos sacar lo\nbueno.&nbsp;&nbsp;<\/p>\n\n\n\n<p>En esas ciudades\ntodos (empresa privada, sociedad civil, gobierno local y nacional) entendieron\nde que deb\u00edan colaborar para sacar a las ciudades adelante, siempre poniendo a\nla gente como prioridad.&nbsp; De esta manera todos trabajan en conjunto para\nreactivar de manera creativa e innovadora la econom\u00eda.&nbsp; Al reactivar la\neconom\u00eda, se necesitan m\u00e1s personas capacitadas que puedan ocupar plazas de\nempleo y as\u00ed tambi\u00e9n incentivas la educaci\u00f3n y al reactivar la econom\u00eda y la\neducaci\u00f3n, tambi\u00e9n ayudas a mejorar la seguridad. A Medell\u00edn le tom\u00f3 m\u00e1s de 20\na\u00f1os pasar de la ciudad m\u00e1s violenta de Latinoam\u00e9rica a ser la m\u00e1s innovadora y\ntur\u00edstica.<\/p>\n\n\n\n<p><strong>\u00bfCu\u00e1l es el mayor valor tur\u00edstico que tiene Col\u00f3n, porque lo es y\nc\u00f3mo lo podemos potenciar?&nbsp;<\/strong><\/p>\n\n\n\n<p>\u201cEl mayor valor\ntur\u00edstico de Col\u00f3n es un sancocho y mezcolanza de muchas cosas: cultura,\nhistoria, gastronom\u00eda, infraestructura hist\u00f3rica, costas, playas y lo mas\nimportante: la gente.&nbsp;&nbsp;<\/p>\n\n\n\n<p>La \u00fanica manera de\npotenciar a la provincia es a trav\u00e9s de un plan organizado que reactive la\neconom\u00eda, promueva la inversi\u00f3n, genere empleos, rescate espacios y que\ninvolucre a los colonenses.&nbsp; Ese plan existe a trav\u00e9s de una ley que se\nllama Colon Puerto Libre.&nbsp;&nbsp;<\/p>\n\n\n\n<p>El Sistema Especial\nde Colon Puerto Libre es una ley que tiene mas de 28 a\u00f1os que hace que las 16\ncalles de Colon sean un DUTY FREE gigante que promueve la venta de productos al\npor menor libre de impuesto.&nbsp; Esto promueve la inversi\u00f3n y la llegada de\nturistas nacionales e internacionales.&nbsp; Otros lugares como Aruba han\nimplementado esto y ha funcionado.&nbsp;&nbsp;<\/p>\n\n\n\n<p>Lamentablemente este\nsistema especial no ha sido bien aplicado.&nbsp; Hacen falta 3 cosas para que\nfuncione:&nbsp; voluntad, mercadeo y tecnolog\u00eda.&nbsp; Por esto la empresa\nprivada esta haciendo esfuerzos para que a trav\u00e9s del nuevo puerto de cruceros\nde Colon 2000 se vuelva realidad Colon Puerto Libre.&nbsp;&nbsp;<\/p>\n\n\n\n<p>La temporada de\ncruceros inicia en Noviembre de 2022 y ya existen centros comerciales que van a\nempezar a operar \u201clibre de impuesto\u201d para as\u00ed reactivar la econom\u00eda colonense y\npotenciar los nichos que no se han explotado como el turismo tradicional y el\nturismo de compras.&nbsp; De esta manera incentivas la inversi\u00f3n y abres el\npaso para explotar y potenciar las dem\u00e1s bondades de Colon.\u201d<\/p>\n\n\n\n<p><strong>Quitando los lugares m\u00e1s populares como Portobelo, Isla Grande, y\nFuerte San Lorenzo, cu\u00e1l es el lugar tur\u00edstico con enorme potencial que no se\nhabla.<\/strong><\/p>\n\n\n\n<p>\u201cA opini\u00f3n personal,\nla ciudad de Col\u00f3n (16 calles) tiene el mayor potencial tur\u00edstico del pa\u00eds que\nnadie le presta atenci\u00f3n.&nbsp; Es la Ciudad mejor trazada de Centro Am\u00e9rica y\ntiene el potencial de ser un Casco Antiguo en esteroides.&nbsp;&nbsp;<\/p>\n\n\n\n<p>Me imagino una Ciudad\nde Col\u00f3n completamente restaurada, llena de vida, con \u00e1reas de esparcimiento,\ncon una reactivaci\u00f3n econ\u00f3mica promovida por capital nacional y extranjero y lo\nmas importante con su gente alegre, jovial y \u201cecha pa \u2018lante\u201d.&nbsp;&nbsp;<\/p>\n\n\n\n<p>Espero que antes de\nllegar a la vejez pueda ver una ciudad renovada en donde todos podamos gozar de\naquella \u201ctacita de oro\u201d que vivieron mis abuelos cuando llegaron por primera\nvez a este pa\u00eds.\u201d<\/p>\n","protected":false},"excerpt":{"rendered":"<p>Lleg\u00f3 a la C\u00e1mara de Comercio de Col\u00f3n con tan solo 22 a\u00f1os para dinamizarla. Despu\u00e9s de 12 a\u00f1os como miembro activo, se postula a la presidencia del gremio y se convierte en el presidente m\u00e1s joven de la C\u00e1mara m\u00e1s antigua del pa\u00eds. Micheal Chen es un convencido de que Panam\u00e1 tiene un futuro [&hellip;]<\/p>\n","protected":false},"author":1,"featured_media":11915,"comment_status":"open","ping_status":"open","sticky":false,"template":"","format":"standard","meta":[],"categories":[33],"tags":[],"_links":{"self":[{"href":"https:\/\/www.thevisitorpanama.info\/esp\/wp-json\/wp\/v2\/posts\/11913"}],"collection":[{"href":"https:\/\/www.thevisitorpanama.info\/esp\/wp-json\/wp\/v2\/posts"}],"about":[{"href":"https:\/\/www.thevisitorpanama.info\/esp\/wp-json\/wp\/v2\/types\/post"}],"author":[{"embeddable":true,"href":"https:\/\/www.thevisitorpanama.info\/esp\/wp-json\/wp\/v2\/users\/1"}],"replies":[{"embeddable":true,"href":"https:\/\/www.thevisitorpanama.info\/esp\/wp-json\/wp\/v2\/comments?post=11913"}],"version-history":[{"count":1,"href":"https:\/\/www.thevisitorpanama.info\/esp\/wp-json\/wp\/v2\/posts\/11913\/revisions"}],"predecessor-version":[{"id":11921,"href":"https:\/\/www.thevisitorpanama.info\/esp\/wp-json\/wp\/v2\/posts\/11913\/revisions\/11921"}],"wp:featuredmedia":[{"embeddable":true,"href":"https:\/\/www.thevisitorpanama.info\/esp\/wp-json\/wp\/v2\/media\/11915"}],"wp:attachment":[{"href":"https:\/\/www.thevisitorpanama.info\/esp\/wp-json\/wp\/v2\/media?parent=11913"}],"wp:term":[{"taxonomy":"category","embeddable":true,"href":"https:\/\/www.thevisitorpanama.info\/esp\/wp-json\/wp\/v2\/categories?post=11913"},{"taxonomy":"post_tag","embeddable":true,"href":"https:\/\/www.thevisitorpanama.info\/esp\/wp-json\/wp\/v2\/tags?post=11913"}],"curies":[{"name":"wp","href":"https:\/\/api.w.org\/{rel}","templated":true}]}}