{"id":11611,"date":"2022-08-24T20:46:33","date_gmt":"2022-08-25T01:46:33","guid":{"rendered":"http:\/\/thevisitorpanama.net\/esp\/?p=11611"},"modified":"2022-08-24T20:48:49","modified_gmt":"2022-08-25T01:48:49","slug":"llegan-los-primeros-vuelos-de-green-airways-a-bodas-del-toro","status":"publish","type":"post","link":"https:\/\/www.thevisitorpanama.info\/esp\/2022\/08\/24\/llegan-los-primeros-vuelos-de-green-airways-a-bodas-del-toro\/","title":{"rendered":"Llegan los Primeros Vuelos de Green Airways a Bocas del Toro"},"content":{"rendered":"\n<p>Este martes aterrizaron en el Aeropuerto Internacional Jos\u00e9 Ezequiel Hall, en la provincia de Bocas del Toro,&nbsp;&nbsp;dos vuelos&nbsp; ch\u00e1rter de la aerol\u00ednea Green Airways, con turistas procedentes de Costa&nbsp; Rica.<\/p>\n\n\n\n<p>La aerol\u00ednea con sede en San Jos\u00e9, Costa Rica, que opera&nbsp; flota de aviones&nbsp; Daher Kodiak 100 Turbo-Prob y Cessna Caravan EX, realizar\u00e1 tres vuelos ch\u00e1rter semanales &nbsp;( martes, jueves y domingo) a Bocas del Toro destino prioritario del Plan Maestro de Turismo Sostenible (PMTS 2020-2025).<\/p>\n\n\n\n<figure class=\"wp-block-image\"><img decoding=\"async\" loading=\"lazy\" width=\"1125\" height=\"593\" src=\"https:\/\/thevisitorpanama.net\/esp\/wp-content\/uploads\/2022\/08\/FOTOS-TURISTAS-2022.jpg\" alt=\"\" class=\"wp-image-11614\"\/><\/figure>\n\n\n\n<p>Everardo &nbsp;Carmona, gerente de la aerol\u00ednea Green Airways, se\u00f1al\u00f3 que la empresa&nbsp; tiene proyecciones de realizar vuelos de lunes a domingo, con la mejor flota de aviones de la compan\u00eda, que cuentan&nbsp; con los est\u00e1ndares de seguridad, para cumplir con el trayecto de 45 mts.\u201cEs un viaje&nbsp; que muestra la riqueza fascinante de los corales que se pueden observar desde&nbsp; que se sobrevuela las&nbsp;hermosa&nbsp;isla\u201d, dijo.<\/p>\n\n\n\n<p>Por su parte, el administrador de la Autoridad de Turismo de Panam\u00e1 (ATP), Ivan Eskildsen, agradeci\u00f3 a la empresa &nbsp;Green Airways por elegir a &nbsp;Bocas del Toro, un destino caribe\u00f1o de enorme riqueza ecol\u00f3gica y cultural y con gran potencial para una variedad de actividades como: el surf y el senderismo.<\/p>\n\n\n\n<p>\u201d Compartimos con la aerol\u00ednea su visi\u00f3n del turismo, alineada a nuestro PMTS, lo que nos lleva hoy a estrechar lazos comerciales, profesionales, y tur\u00edsticos\u201d, destac\u00f3.<\/p>\n\n\n\n<p>Agreg\u00f3&nbsp; que la ATP busca convertir a Bocas del Toro en un destino ecotur\u00edstico insular de clase mundial y para ello se han planteado estrategias de promoci\u00f3n fundamentadas en el PMTS y basado en el Modelo Turismo &#8211; Conservaci\u00f3n e&nbsp;Investigaci\u00f3n.<\/p>\n\n\n\n<p>Costa Rica Green Airways&nbsp; tiene&nbsp; un gran compromiso con la gesti\u00f3n ambiental, la mejora de la calidad de vida y la conservaci\u00f3n de la naturaleza local, impactando en su nuevo destino internacional m\u00e1s all\u00e1 de una plena operaci\u00f3n empresarial.<\/p>\n\n\n\n<p>La aerol\u00ednea costarricense se estableci\u00f3 en el 2018 con vuelos dom\u00e9sticos dentro del territorio de Costa Rica, co-fundada por Everardo Carmona, creando un desarrollo eficiente en sus destinos a: Quepos, San Jos\u00e9, y Tambor.<\/p>\n\n\n\n<p>De acuerdo al PMTS, la provincia de Bocas del Toro es un destino&nbsp;ecotur\u00edstico&nbsp;insular, de inter\u00e9s cient\u00edfico, reconocido por su alto grado de endemismo y potencial de investigaci\u00f3n, con actividades de sol y playa, adem\u00e1s de su riqueza cultural local y tradiciones.&nbsp;<\/p>\n","protected":false},"excerpt":{"rendered":"<p>Este martes aterrizaron en el Aeropuerto Internacional Jos\u00e9 Ezequiel Hall, en la provincia de Bocas del Toro,&nbsp;&nbsp;dos vuelos&nbsp; ch\u00e1rter de la aerol\u00ednea Green Airways, con turistas procedentes de Costa&nbsp; Rica. La aerol\u00ednea con sede en San Jos\u00e9, Costa Rica, que opera&nbsp; flota de aviones&nbsp; Daher Kodiak 100 Turbo-Prob y Cessna Caravan EX, realizar\u00e1 tres vuelos [&hellip;]<\/p>\n","protected":false},"author":1,"featured_media":11613,"comment_status":"open","ping_status":"open","sticky":false,"template":"","format":"standard","meta":[],"categories":[44],"tags":[],"_links":{"self":[{"href":"https:\/\/www.thevisitorpanama.info\/esp\/wp-json\/wp\/v2\/posts\/11611"}],"collection":[{"href":"https:\/\/www.thevisitorpanama.info\/esp\/wp-json\/wp\/v2\/posts"}],"about":[{"href":"https:\/\/www.thevisitorpanama.info\/esp\/wp-json\/wp\/v2\/types\/post"}],"author":[{"embeddable":true,"href":"https:\/\/www.thevisitorpanama.info\/esp\/wp-json\/wp\/v2\/users\/1"}],"replies":[{"embeddable":true,"href":"https:\/\/www.thevisitorpanama.info\/esp\/wp-json\/wp\/v2\/comments?post=11611"}],"version-history":[{"count":2,"href":"https:\/\/www.thevisitorpanama.info\/esp\/wp-json\/wp\/v2\/posts\/11611\/revisions"}],"predecessor-version":[{"id":11615,"href":"https:\/\/www.thevisitorpanama.info\/esp\/wp-json\/wp\/v2\/posts\/11611\/revisions\/11615"}],"wp:featuredmedia":[{"embeddable":true,"href":"https:\/\/www.thevisitorpanama.info\/esp\/wp-json\/wp\/v2\/media\/11613"}],"wp:attachment":[{"href":"https:\/\/www.thevisitorpanama.info\/esp\/wp-json\/wp\/v2\/media?parent=11611"}],"wp:term":[{"taxonomy":"category","embeddable":true,"href":"https:\/\/www.thevisitorpanama.info\/esp\/wp-json\/wp\/v2\/categories?post=11611"},{"taxonomy":"post_tag","embeddable":true,"href":"https:\/\/www.thevisitorpanama.info\/esp\/wp-json\/wp\/v2\/tags?post=11611"}],"curies":[{"name":"wp","href":"https:\/\/api.w.org\/{rel}","templated":true}]}}