{"id":11550,"date":"2022-08-11T20:37:11","date_gmt":"2022-08-12T01:37:11","guid":{"rendered":"http:\/\/thevisitorpanama.net\/esp\/?p=11550"},"modified":"2022-08-11T20:39:00","modified_gmt":"2022-08-12T01:39:00","slug":"aprueban-proyecto-que-crea-el-patronato-refugio-de-vida-silvestre-isla-iguana","status":"publish","type":"post","link":"https:\/\/www.thevisitorpanama.info\/esp\/2022\/08\/11\/aprueban-proyecto-que-crea-el-patronato-refugio-de-vida-silvestre-isla-iguana\/","title":{"rendered":"Aprueban Proyecto que Crea el Patronato Refugio de Vida Silvestre Isla Iguana"},"content":{"rendered":"\n<p>La entidad que manejar\u00e1 el refugio ser\u00e1 de orden p\u00fablico y social, sin fines de lucro, con patrimonio propio, personer\u00eda jur\u00eddica y autonom\u00eda en su r\u00e9gimen administrativo.<\/p>\n\n\n\n<p><br>El Pleno de la Asamblea Nacional aprob\u00f3 en tercer debate el proyecto de Ley 174, que crea el Patronato Refugio de Vida Silvestre Isla Iguana, en el distrito de Pedas\u00ed, en la provincia de Los Santos. Seg\u00fan consta en esta iniciativa legislativa, propuesta por el diputado Eric Broce, el Patronato Refugio de Vida Silvestre Isla Iguana ser\u00e1 una entidad de orden p\u00fablico y social, sin fines de lucro, con patrimonio propio, personer\u00eda jur\u00eddica y autonom\u00eda en su r\u00e9gimen administrativo, econ\u00f3mico, financiero y funcional.<br>El patronato estar\u00e1 integrado por el Ministerio de Ambiente, el alcalde de Pedas\u00ed, un representante de la AMP, de la ATP, de la Asociaci\u00f3n de Pescadores de Pedas\u00ed, de una ONG ambiental y de una fundaci\u00f3n con experiencia en investigaci\u00f3n, entre otras.<\/p>\n\n\n\n<p><br>La isla fue declarada \u00e1rea protegida en 1981 y atrae a cient\u00edficos, bi\u00f3logos y turistas. Es el hogar de unas 5,000 aves fragatas. Con frecuencia, se cuenta con la presencia permanente o migratoria de cet\u00e1ceos como la ballena jorobada, aunque tambi\u00e9n son frecuentes los delfines, entre ellos, el delf\u00edn moteado del Pac\u00edfico (Stenella attenuata) y el delf\u00edn nariz de botella (Tursiops truncatus).Isla Iguana forma parte del refugio de vida silvestre del mismo nombre y, cercano a ella, en la costa, se sit\u00faa el Refugio de Vida Silvestre Pablo Arturo Barrios.<\/p>\n\n\n\n<p><\/p>\n","protected":false},"excerpt":{"rendered":"<p>La entidad que manejar\u00e1 el refugio ser\u00e1 de orden p\u00fablico y social, sin fines de lucro, con patrimonio propio, personer\u00eda jur\u00eddica y autonom\u00eda en su r\u00e9gimen administrativo. El Pleno de la Asamblea Nacional aprob\u00f3 en tercer debate el proyecto de Ley 174, que crea el Patronato Refugio de Vida Silvestre Isla Iguana, en el distrito [&hellip;]<\/p>\n","protected":false},"author":1,"featured_media":11553,"comment_status":"open","ping_status":"open","sticky":false,"template":"","format":"standard","meta":[],"categories":[44],"tags":[],"_links":{"self":[{"href":"https:\/\/www.thevisitorpanama.info\/esp\/wp-json\/wp\/v2\/posts\/11550"}],"collection":[{"href":"https:\/\/www.thevisitorpanama.info\/esp\/wp-json\/wp\/v2\/posts"}],"about":[{"href":"https:\/\/www.thevisitorpanama.info\/esp\/wp-json\/wp\/v2\/types\/post"}],"author":[{"embeddable":true,"href":"https:\/\/www.thevisitorpanama.info\/esp\/wp-json\/wp\/v2\/users\/1"}],"replies":[{"embeddable":true,"href":"https:\/\/www.thevisitorpanama.info\/esp\/wp-json\/wp\/v2\/comments?post=11550"}],"version-history":[{"count":1,"href":"https:\/\/www.thevisitorpanama.info\/esp\/wp-json\/wp\/v2\/posts\/11550\/revisions"}],"predecessor-version":[{"id":11552,"href":"https:\/\/www.thevisitorpanama.info\/esp\/wp-json\/wp\/v2\/posts\/11550\/revisions\/11552"}],"wp:featuredmedia":[{"embeddable":true,"href":"https:\/\/www.thevisitorpanama.info\/esp\/wp-json\/wp\/v2\/media\/11553"}],"wp:attachment":[{"href":"https:\/\/www.thevisitorpanama.info\/esp\/wp-json\/wp\/v2\/media?parent=11550"}],"wp:term":[{"taxonomy":"category","embeddable":true,"href":"https:\/\/www.thevisitorpanama.info\/esp\/wp-json\/wp\/v2\/categories?post=11550"},{"taxonomy":"post_tag","embeddable":true,"href":"https:\/\/www.thevisitorpanama.info\/esp\/wp-json\/wp\/v2\/tags?post=11550"}],"curies":[{"name":"wp","href":"https:\/\/api.w.org\/{rel}","templated":true}]}}