{"id":11158,"date":"2022-06-29T13:43:55","date_gmt":"2022-06-29T18:43:55","guid":{"rendered":"http:\/\/thevisitorpanama.net\/esp\/?p=11158"},"modified":"2022-06-29T21:44:47","modified_gmt":"2022-06-30T02:44:47","slug":"panama-y-otros-tres-paises-recibiran-150-millones-para-fortalecer-el-corredor-marino","status":"publish","type":"post","link":"https:\/\/www.thevisitorpanama.info\/esp\/2022\/06\/29\/panama-y-otros-tres-paises-recibiran-150-millones-para-fortalecer-el-corredor-marino\/","title":{"rendered":"Panam\u00e1 y otros Tres Pa\u00edses Recibir\u00e1n $150 Millones para Fortalecer el Corredor Marino"},"content":{"rendered":"\n<p>Trece&nbsp;organizaciones internacionales, p\u00fablicas y privadas dedicas y\ncomprometidas con la protecci\u00f3n de los mares y el ambiente,&nbsp;ofrecieron\nasistencia t\u00e9cnica y financiera por un total de B\/.150 millones&nbsp;para apoyar a Colombia, Costa\nRica, Ecuador y Panam\u00e1 en el fortalecimiento del Corredor Marino del Pac\u00edfico\nEste Tropical (CMAR).&nbsp;<\/p>\n\n\n\n<p>El anuncio\nfue hecho en Lisboa\n(Portugal) donde se realiza la Conferencia de los Oc\u00e9anos de Naciones Unidas\npara la implementaci\u00f3n del Objetivo de Desarrollo Sostenible No 14: Vida\nSubmarina. &nbsp;<\/p>\n\n\n\n<p>La coalici\u00f3n\nde apoyo que ha sido nombrada \u201cConectar para Proteger el Pac\u00edfico Tropical\nOriental\u201d buscar\u00e1 trabajar junto con l\u00edderes electos, comunidades, grupos\nind\u00edgenas, funcionarios gubernamentales y cient\u00edficos para fortalecer la\ngobernanza cooperativa, el dise\u00f1o e implementar \u00e1reas marinas protegidas y una\nreserva de biosfera y asegurar financiamiento sostenible a largo plazo.<\/p>\n","protected":false},"excerpt":{"rendered":"<p>Trece&nbsp;organizaciones internacionales, p\u00fablicas y privadas dedicas y comprometidas con la protecci\u00f3n de los mares y el ambiente,&nbsp;ofrecieron asistencia t\u00e9cnica y financiera por un total de B\/.150 millones&nbsp;para apoyar a Colombia, Costa Rica, Ecuador y Panam\u00e1 en el fortalecimiento del Corredor Marino del Pac\u00edfico Este Tropical (CMAR).&nbsp; El anuncio fue hecho en Lisboa (Portugal) donde se [&hellip;]<\/p>\n","protected":false},"author":1,"featured_media":11204,"comment_status":"open","ping_status":"open","sticky":false,"template":"","format":"standard","meta":[],"categories":[44],"tags":[],"_links":{"self":[{"href":"https:\/\/www.thevisitorpanama.info\/esp\/wp-json\/wp\/v2\/posts\/11158"}],"collection":[{"href":"https:\/\/www.thevisitorpanama.info\/esp\/wp-json\/wp\/v2\/posts"}],"about":[{"href":"https:\/\/www.thevisitorpanama.info\/esp\/wp-json\/wp\/v2\/types\/post"}],"author":[{"embeddable":true,"href":"https:\/\/www.thevisitorpanama.info\/esp\/wp-json\/wp\/v2\/users\/1"}],"replies":[{"embeddable":true,"href":"https:\/\/www.thevisitorpanama.info\/esp\/wp-json\/wp\/v2\/comments?post=11158"}],"version-history":[{"count":1,"href":"https:\/\/www.thevisitorpanama.info\/esp\/wp-json\/wp\/v2\/posts\/11158\/revisions"}],"predecessor-version":[{"id":11159,"href":"https:\/\/www.thevisitorpanama.info\/esp\/wp-json\/wp\/v2\/posts\/11158\/revisions\/11159"}],"wp:featuredmedia":[{"embeddable":true,"href":"https:\/\/www.thevisitorpanama.info\/esp\/wp-json\/wp\/v2\/media\/11204"}],"wp:attachment":[{"href":"https:\/\/www.thevisitorpanama.info\/esp\/wp-json\/wp\/v2\/media?parent=11158"}],"wp:term":[{"taxonomy":"category","embeddable":true,"href":"https:\/\/www.thevisitorpanama.info\/esp\/wp-json\/wp\/v2\/categories?post=11158"},{"taxonomy":"post_tag","embeddable":true,"href":"https:\/\/www.thevisitorpanama.info\/esp\/wp-json\/wp\/v2\/tags?post=11158"}],"curies":[{"name":"wp","href":"https:\/\/api.w.org\/{rel}","templated":true}]}}