{"id":11061,"date":"2022-06-10T17:41:20","date_gmt":"2022-06-10T22:41:20","guid":{"rendered":"http:\/\/thevisitorpanama.net\/esp\/?p=11061"},"modified":"2022-06-10T18:14:59","modified_gmt":"2022-06-10T23:14:59","slug":"festival-de-las-alas-sera-en-parque-summit-el-18-y-19-de-junio","status":"publish","type":"post","link":"https:\/\/www.thevisitorpanama.info\/esp\/2022\/06\/10\/festival-de-las-alas-sera-en-parque-summit-el-18-y-19-de-junio\/","title":{"rendered":"Festival de las Alas ser\u00e1 en Parque Summit el 18 y 19 de Junio"},"content":{"rendered":"\n<p>Fundaci\u00f3n Alada realiz\u00f3 una rueda de prensa donde invit\u00f3 al 2do. Festival de las Alas el 18 y 19 de junio en el parque Summit. El objetivo del evento busca que se comparta en familia el contacto con la naturaleza. <\/p>\n\n\n\n<figure class=\"wp-block-image\"><img decoding=\"async\" loading=\"lazy\" width=\"1600\" height=\"1200\" src=\"https:\/\/thevisitorpanama.net\/esp\/wp-content\/uploads\/2022\/06\/IMG-20220610-WA0008.jpg\" alt=\"\" class=\"wp-image-11063\"\/><\/figure>\n\n\n\n<p>Flavia Cozzareli, organizadora del evento coment\u00f3 que las actividades y su contenido ser\u00e1n gratuitos. Una buena oportunidad para aprovechar el tiempo durante el fin de las vacaciones escolares y el d\u00eda del Padre.<\/p>\n\n\n\n<p>Este evento familiar contar\u00e1 con m\u00e1s de 35 actividades educativas, para qu\u00e9 todos puedan relacionarse e inspirarse con las aves y los seres alados.  Los ni\u00f1os podr\u00e1n  crear, armar, dise\u00f1ar, jugar, atar cabos, conectar, observar y divertirse con prop\u00f3sito, recibiendo un gran contenido de conservaci\u00f3n, derechos y deberes ambientales, respeto por la naturaleza, la inclusi\u00f3n ytodos los seres vivos.<\/p>\n\n\n\n<figure class=\"wp-block-image\"><img decoding=\"async\" loading=\"lazy\" width=\"1600\" height=\"1064\" src=\"https:\/\/thevisitorpanama.net\/esp\/wp-content\/uploads\/2022\/06\/IMG-20220610-WA0007.jpg\" alt=\"\" class=\"wp-image-11064\"\/><\/figure>\n\n\n\n<p><br>Tambi\u00e9n contar\u00e1n con Exhibici\u00f3n de naves de Star Wars de lego, colecci\u00f3n taxidermica de aves,  giras de observaci\u00f3n, Da Vinci y la biomimesis, paseo a ciegas, simulador aeroespacial, rob\u00f3tica, mundo del \u00e1guila harpia, #Aveinclusion en el Catrino, drones, mundo baja visi\u00f3n, el agua, la cuenca y su biodiversidad, taller de I Naturalist, aves tridimensionales, robots con alas, bibliobus, botones sensoriales, las piedras que hablan, aeromodelismo exhibici\u00f3n de rapaces, rescate de fauna, truxi, panal de abejas mundo fungi, semillas que vuelan, actividades sensoriales, el biomundi y el escenario art\u00edstico ac\u00fastico de Mi Cultura.<\/p>\n\n\n\n<figure class=\"wp-block-image\"><img decoding=\"async\" loading=\"lazy\" width=\"1600\" height=\"900\" src=\"https:\/\/thevisitorpanama.net\/esp\/wp-content\/uploads\/2022\/06\/IMG-20220610-WA0011.jpg\" alt=\"\" class=\"wp-image-11065\"\/><\/figure>\n\n\n\n<p>Tendr\u00e1n premios y rifa entre los ni\u00f1os y padres que lleguen con su disfraz de capa,&nbsp; ave, mariposa, hadas, \u00e1ngeles, piloto, h\u00e9roes voladores y literalmente&#8230;todo lo que vuele!.<br>Costo de entrada regular al parque: ni\u00f1os menores de 5 a\u00f1os gratis, adultos B\/.2.00 jubilados y personas con discapacidad y acompa\u00f1ante B\/.1.00 y extranjeros B\/.5.00<\/p>\n","protected":false},"excerpt":{"rendered":"<p>Fundaci\u00f3n Alada realiz\u00f3 una rueda de prensa donde invit\u00f3 al 2do. Festival de las Alas el 18 y 19 de junio en el parque Summit. El objetivo del evento busca que se comparta en familia el contacto con la naturaleza. Flavia Cozzareli, organizadora del evento coment\u00f3 que las actividades y su contenido ser\u00e1n gratuitos. Una [&hellip;]<\/p>\n","protected":false},"author":1,"featured_media":11062,"comment_status":"open","ping_status":"open","sticky":false,"template":"","format":"standard","meta":[],"categories":[69],"tags":[],"_links":{"self":[{"href":"https:\/\/www.thevisitorpanama.info\/esp\/wp-json\/wp\/v2\/posts\/11061"}],"collection":[{"href":"https:\/\/www.thevisitorpanama.info\/esp\/wp-json\/wp\/v2\/posts"}],"about":[{"href":"https:\/\/www.thevisitorpanama.info\/esp\/wp-json\/wp\/v2\/types\/post"}],"author":[{"embeddable":true,"href":"https:\/\/www.thevisitorpanama.info\/esp\/wp-json\/wp\/v2\/users\/1"}],"replies":[{"embeddable":true,"href":"https:\/\/www.thevisitorpanama.info\/esp\/wp-json\/wp\/v2\/comments?post=11061"}],"version-history":[{"count":2,"href":"https:\/\/www.thevisitorpanama.info\/esp\/wp-json\/wp\/v2\/posts\/11061\/revisions"}],"predecessor-version":[{"id":11067,"href":"https:\/\/www.thevisitorpanama.info\/esp\/wp-json\/wp\/v2\/posts\/11061\/revisions\/11067"}],"wp:featuredmedia":[{"embeddable":true,"href":"https:\/\/www.thevisitorpanama.info\/esp\/wp-json\/wp\/v2\/media\/11062"}],"wp:attachment":[{"href":"https:\/\/www.thevisitorpanama.info\/esp\/wp-json\/wp\/v2\/media?parent=11061"}],"wp:term":[{"taxonomy":"category","embeddable":true,"href":"https:\/\/www.thevisitorpanama.info\/esp\/wp-json\/wp\/v2\/categories?post=11061"},{"taxonomy":"post_tag","embeddable":true,"href":"https:\/\/www.thevisitorpanama.info\/esp\/wp-json\/wp\/v2\/tags?post=11061"}],"curies":[{"name":"wp","href":"https:\/\/api.w.org\/{rel}","templated":true}]}}