{"id":11053,"date":"2022-06-09T20:22:28","date_gmt":"2022-06-10T01:22:28","guid":{"rendered":"http:\/\/thevisitorpanama.net\/esp\/?p=11053"},"modified":"2022-06-09T20:24:13","modified_gmt":"2022-06-10T01:24:13","slug":"panama-sera-sede-de-colacmar-el-evento-oceanografico-mas-importante-del-continente","status":"publish","type":"post","link":"https:\/\/www.thevisitorpanama.info\/esp\/2022\/06\/09\/panama-sera-sede-de-colacmar-el-evento-oceanografico-mas-importante-del-continente\/","title":{"rendered":"Panam\u00e1 ser\u00e1 Sede de COLACMAR, el Evento Oceanogr\u00e1fico M\u00e1s Importante del Continente"},"content":{"rendered":"\n<p>Con la presencia de Luis Ricardo Martinez, vice presidente de APCCE, Domingo de Obald\u00eda, vice presidente de CAMTUR, Juan Antonio de la Guardia, presidente de la Asociaci\u00f3n de Gu\u00edas de Turismo y Denise Guillen Vice Ministra de Autoridad de Turismo Panam\u00e1 se anunci\u00f3 en rueda de prensa la realizaci\u00f3n de COLACMAR, el evento oceanogr\u00e1fico m\u00e1s importante del continente americano. <\/p>\n\n\n\n<figure class=\"wp-block-image\"><img decoding=\"async\" loading=\"lazy\" width=\"1024\" height=\"682\" src=\"https:\/\/thevisitorpanama.net\/esp\/wp-content\/uploads\/2022\/06\/IMG-20220609-WA0029.jpg\" alt=\"\" class=\"wp-image-11056\"\/><\/figure>\n\n\n\n<p>Este encuentro\ncontinental se realizar\u00e1 del 19 al 23 de septiembre en el Nuevo Centro de Convenciones\nde Amador. &nbsp;Durante los cuatro d\u00edas de conferencias\nse presentar\u00e1n las m\u00e1s nuevas iniciativas cient\u00edficas y en innovaci\u00f3n\ntecnol\u00f3gica. Igualmente reunir\u00e1 a investigadores independientes, bi\u00f3logos\ngenerales y marinos, ec\u00f3logos marinos, ocean\u00f3grafos, veterinarios marinos,\nl\u00edderes comunitarios, profesionales, estudiantes de carreras afines,\ninstituciones, empresas p\u00fablicas y privadas de toda Am\u00e9rica Latina, as\u00ed como de\notros continentes, interesados en el desarrollo de las Ciencias del Mar.<\/p>\n\n\n\n<figure class=\"wp-block-image\"><img decoding=\"async\" loading=\"lazy\" width=\"1024\" height=\"682\" src=\"https:\/\/thevisitorpanama.net\/esp\/wp-content\/uploads\/2022\/06\/IMG-20220609-WA0026.jpg\" alt=\"\" class=\"wp-image-11057\"\/><\/figure>\n\n\n\n<p>Conferencias\nMagistrales<\/p>\n\n\n\n<p>De la mano\nde experto contar\u00e1 con informaci\u00f3n actualizada sobre investigaciones, avances\ntecnol\u00f3gicos, referencias t\u00e9cnicas y nuevos hallazgos realizados en el mundo\nmarino de nuestro continente.<\/p>\n\n\n\n<p>Los profesionales o estudiantes que deseen participar puedes registrarse y reservar en el siguiente link: <a href=\"https:\/\/colacmar.org\/tarifas\/\">https:\/\/colacmar.org\/tarifas\/<\/a><\/p>\n\n\n\n<figure class=\"wp-block-image\"><img decoding=\"async\" loading=\"lazy\" width=\"1024\" height=\"682\" src=\"https:\/\/thevisitorpanama.net\/esp\/wp-content\/uploads\/2022\/06\/IMG-20220609-WA0027.jpg\" alt=\"\" class=\"wp-image-11058\"\/><\/figure>\n\n\n\n<p><\/p>\n","protected":false},"excerpt":{"rendered":"<p>Con la presencia de Luis Ricardo Martinez, vice presidente de APCCE, Domingo de Obald\u00eda, vice presidente de CAMTUR, Juan Antonio de la Guardia, presidente de la Asociaci\u00f3n de Gu\u00edas de Turismo y Denise Guillen Vice Ministra de Autoridad de Turismo Panam\u00e1 se anunci\u00f3 en rueda de prensa la realizaci\u00f3n de COLACMAR, el evento oceanogr\u00e1fico m\u00e1s [&hellip;]<\/p>\n","protected":false},"author":1,"featured_media":11054,"comment_status":"open","ping_status":"open","sticky":false,"template":"","format":"standard","meta":[],"categories":[44],"tags":[],"_links":{"self":[{"href":"https:\/\/www.thevisitorpanama.info\/esp\/wp-json\/wp\/v2\/posts\/11053"}],"collection":[{"href":"https:\/\/www.thevisitorpanama.info\/esp\/wp-json\/wp\/v2\/posts"}],"about":[{"href":"https:\/\/www.thevisitorpanama.info\/esp\/wp-json\/wp\/v2\/types\/post"}],"author":[{"embeddable":true,"href":"https:\/\/www.thevisitorpanama.info\/esp\/wp-json\/wp\/v2\/users\/1"}],"replies":[{"embeddable":true,"href":"https:\/\/www.thevisitorpanama.info\/esp\/wp-json\/wp\/v2\/comments?post=11053"}],"version-history":[{"count":3,"href":"https:\/\/www.thevisitorpanama.info\/esp\/wp-json\/wp\/v2\/posts\/11053\/revisions"}],"predecessor-version":[{"id":11060,"href":"https:\/\/www.thevisitorpanama.info\/esp\/wp-json\/wp\/v2\/posts\/11053\/revisions\/11060"}],"wp:featuredmedia":[{"embeddable":true,"href":"https:\/\/www.thevisitorpanama.info\/esp\/wp-json\/wp\/v2\/media\/11054"}],"wp:attachment":[{"href":"https:\/\/www.thevisitorpanama.info\/esp\/wp-json\/wp\/v2\/media?parent=11053"}],"wp:term":[{"taxonomy":"category","embeddable":true,"href":"https:\/\/www.thevisitorpanama.info\/esp\/wp-json\/wp\/v2\/categories?post=11053"},{"taxonomy":"post_tag","embeddable":true,"href":"https:\/\/www.thevisitorpanama.info\/esp\/wp-json\/wp\/v2\/tags?post=11053"}],"curies":[{"name":"wp","href":"https:\/\/api.w.org\/{rel}","templated":true}]}}