{"id":10845,"date":"2022-05-19T21:05:13","date_gmt":"2022-05-20T02:05:13","guid":{"rendered":"http:\/\/thevisitorpanama.net\/esp\/?p=10845"},"modified":"2022-05-19T22:21:01","modified_gmt":"2022-05-20T03:21:01","slug":"panama-sera-sede-del-foro-regional-asociaciones-publico-privadas-app-de-america-latina-y-el-caribe","status":"publish","type":"post","link":"https:\/\/www.thevisitorpanama.info\/esp\/2022\/05\/19\/panama-sera-sede-del-foro-regional-asociaciones-publico-privadas-app-de-america-latina-y-el-caribe\/","title":{"rendered":"Panam\u00e1 ser\u00e1 Sede del Foro Regional Asociaciones P\u00fablico-Privadas (APP) de Am\u00e9rica Latina y el Caribe"},"content":{"rendered":"\n<p>Eligen a Panam\u00e1 como sede del Foro Regional PPP Am\u00e9ricas 2023Panam\u00e1 acoger\u00e1 el foro de discusi\u00f3n m\u00e1s importante sobre Asociaciones P\u00fablico-Privadas (APP) de Am\u00e9rica Latina y el Caribe, que organiza el BID cada dos a\u00f1os.<br>El presidente de la Rep\u00fablica, Laurentino Cortizo, sostuvo este mi\u00e9rcoles una reuni\u00f3n con Mauricio Claver-Carone, presidente del Banco Interamericano de Desarrollo (BID), en el marco del Bloomberg New Economy Gateway Latin America, en la que se reiter\u00f3 el inter\u00e9s de la entidad bancaria en continuar apoyando el crecimiento econ\u00f3mico de Panam\u00e1, as\u00ed como el fortalecimiento de su gesti\u00f3n fiscal y su inserci\u00f3n en las cadenas regionales de valor.<br>Cortizo agradeci\u00f3 al BID por alinear su Estrategia Pa\u00eds al Plan de Acci\u00f3n del Gobierno Nacional \u201cUniendo Fuerzas\u201d; por tener siempre presentes las limitaciones fiscales y presupuestarias por las que est\u00e1n pasando tanto Panam\u00e1 como los pa\u00edses de Latinoam\u00e9rica y por elegir al pa\u00eds como sede del PPP Am\u00e9ricas 2023, el foro de discusi\u00f3n m\u00e1s importante sobre Asociaciones P\u00fablico-Privadas (APP) de Am\u00e9rica Latina y el Caribe, organizado por el BID cada dos a\u00f1os.<\/p>\n\n\n\n<p><\/p>\n","protected":false},"excerpt":{"rendered":"<p>Eligen a Panam\u00e1 como sede del Foro Regional PPP Am\u00e9ricas 2023Panam\u00e1 acoger\u00e1 el foro de discusi\u00f3n m\u00e1s importante sobre Asociaciones P\u00fablico-Privadas (APP) de Am\u00e9rica Latina y el Caribe, que organiza el BID cada dos a\u00f1os.El presidente de la Rep\u00fablica, Laurentino Cortizo, sostuvo este mi\u00e9rcoles una reuni\u00f3n con Mauricio Claver-Carone, presidente del Banco Interamericano de Desarrollo [&hellip;]<\/p>\n","protected":false},"author":1,"featured_media":10847,"comment_status":"open","ping_status":"open","sticky":false,"template":"","format":"standard","meta":[],"categories":[69],"tags":[],"_links":{"self":[{"href":"https:\/\/www.thevisitorpanama.info\/esp\/wp-json\/wp\/v2\/posts\/10845"}],"collection":[{"href":"https:\/\/www.thevisitorpanama.info\/esp\/wp-json\/wp\/v2\/posts"}],"about":[{"href":"https:\/\/www.thevisitorpanama.info\/esp\/wp-json\/wp\/v2\/types\/post"}],"author":[{"embeddable":true,"href":"https:\/\/www.thevisitorpanama.info\/esp\/wp-json\/wp\/v2\/users\/1"}],"replies":[{"embeddable":true,"href":"https:\/\/www.thevisitorpanama.info\/esp\/wp-json\/wp\/v2\/comments?post=10845"}],"version-history":[{"count":1,"href":"https:\/\/www.thevisitorpanama.info\/esp\/wp-json\/wp\/v2\/posts\/10845\/revisions"}],"predecessor-version":[{"id":10846,"href":"https:\/\/www.thevisitorpanama.info\/esp\/wp-json\/wp\/v2\/posts\/10845\/revisions\/10846"}],"wp:featuredmedia":[{"embeddable":true,"href":"https:\/\/www.thevisitorpanama.info\/esp\/wp-json\/wp\/v2\/media\/10847"}],"wp:attachment":[{"href":"https:\/\/www.thevisitorpanama.info\/esp\/wp-json\/wp\/v2\/media?parent=10845"}],"wp:term":[{"taxonomy":"category","embeddable":true,"href":"https:\/\/www.thevisitorpanama.info\/esp\/wp-json\/wp\/v2\/categories?post=10845"},{"taxonomy":"post_tag","embeddable":true,"href":"https:\/\/www.thevisitorpanama.info\/esp\/wp-json\/wp\/v2\/tags?post=10845"}],"curies":[{"name":"wp","href":"https:\/\/api.w.org\/{rel}","templated":true}]}}