{"id":10808,"date":"2022-05-15T19:58:27","date_gmt":"2022-05-16T00:58:27","guid":{"rendered":"http:\/\/thevisitorpanama.net\/esp\/?p=10808"},"modified":"2022-05-15T21:50:51","modified_gmt":"2022-05-16T02:50:51","slug":"10808","status":"publish","type":"post","link":"https:\/\/www.thevisitorpanama.info\/esp\/2022\/05\/15\/10808\/","title":{"rendered":"Cerro Azul Demuestra Porque es un Destino Ecotur\u00edstico de Primera Cerca de la Capital"},"content":{"rendered":"\n<p>Con el objetivo de dar a conocer lo que ofrece el \u00e1rea de Cerro Azul, los due\u00f1os de hoteles, atracciones y servicios tur\u00edsticos del \u00e1rea invitaron a la C\u00e1mara Nacional de Turismo y a la Asociaci\u00f3n de Gu\u00edas de Panam\u00e1 a un recorrido <\/p>\n\n\n\n<p>Conociendo el gran valor eco tur\u00edstico de este sector que se encuentra a poca distancia de la Ciudad de Panam\u00e1, Luis Barria lideriz\u00f3 este recorrido, quien se encarg\u00f3 de la log\u00edstica que empez\u00f3 a las 7:00 a.m. el pasado viernes 13 de mayo.<\/p>\n\n\n\n<figure class=\"wp-block-image\"><img decoding=\"async\" loading=\"lazy\" width=\"1200\" height=\"1600\" src=\"https:\/\/thevisitorpanama.net\/esp\/wp-content\/uploads\/2022\/05\/IMG-20220515-WA0015.jpg\" alt=\"\" class=\"wp-image-10816\"\/><figcaption>Desayunando en &#8220;La Semilla&#8221;. Foto: Juan Antonio de la Guardia <\/figcaption><\/figure>\n\n\n\n<p><strong>Un Desayuno de Primera<\/strong><\/p>\n\n\n\n<p style=\"text-align:left\"> La primera parada se realiz\u00f3 en un hotel de 7 habitaciones con una excelente infraestructura ubicado en el sector de Las Nubes llamado &#8220;La Semilla&#8221;. Aqu\u00ed cada invitado degust\u00f3 un delicioso desayuno, mientras se entreten\u00eda con la gran variedad de aves que se encuentran en el lugar para ir al comedero de p\u00e1jaros. En este lugar solo se pueden hacer reservaciones en l\u00ednea, sin embargo, sus precios van  acorde con la calidad de las instalaciones.<\/p>\n\n\n\n<p><strong>Finca Ecotur\u00edstica<\/strong><\/p>\n\n\n\n<p>La segunda parada se realiz\u00f3 en la finca agroturistica &#8220;Conejo Pintado&#8221; del se\u00f1or Luis Barria. En este lugar tienen todo distribuido para que cada Visitante pueda observar animales y tambi\u00e9n darles de comer. Tambi\u00e9n  realizaron un recorrido por siembras, donde se invita a cada invitado a sembrar, antes de llegar al \u00e1rea de las hidrop\u00f3nicas y acuap\u00f3nicas.<\/p>\n\n\n\n<figure class=\"wp-block-image\"><img decoding=\"async\" loading=\"lazy\" width=\"1200\" height=\"1600\" src=\"https:\/\/thevisitorpanama.net\/esp\/wp-content\/uploads\/2022\/05\/IMG-20220515-WA0017.jpg\" alt=\"\" class=\"wp-image-10818\"\/><figcaption>Finca Conejo Pintado. Foto: Juan Antonio de la Guardia <\/figcaption><\/figure>\n\n\n\n<p style=\"text-align:left\"><strong>Cierre con Broche de Oro<\/strong><\/p>\n\n\n\n<p>La gira entro a su fase final en una granja que esta sobre la carretera principal. De ahi  se entr\u00f3 al proyecto Altos de Cerro Azul donde los Visitantes pudieron subir hasta un hotel que ofrece una hermosa vista a una altura de 900 metros sobre el nivel del mar llamado Mi Monta\u00f1ita. En este lugar su propietario deleit\u00f3 a los invitados de CAMTUR y de la Asociaci\u00f3n de Gu\u00edas  con una deliciosa paella. En este hotel todas las habitaciones cuentan con cocina para que las personas se sientan como en casa. Luego visitaron una cerveceria artesanal que tambien es pizzeria, donde se disfrut\u00f3 de un gran momento de relajamiento y sabor. <\/p>\n\n\n\n<figure class=\"wp-block-image\"><img decoding=\"async\" loading=\"lazy\" width=\"1600\" height=\"1200\" src=\"https:\/\/thevisitorpanama.net\/esp\/wp-content\/uploads\/2022\/05\/IMG-20220515-WA0016-1.jpg\" alt=\"\" class=\"wp-image-10814\"\/><figcaption>Foto: De izquierda a derecha: Rosalba Mathews, Bianca Perez, Giovanni Romero y Orlando Osorio (Miembros de la Asociacion de Guias de Turismo de Panana). De pie: la se\u00f1ora Barbara quien administra varias casas, Pinky Samaniego de CAMTUR, y sentado al lado de Pinky el se\u00f1or Rafael Reyes, propietario de &#8220;Mi Monta\u00f1ita&#8221;.  Foto: cr\u00e9dito:  Juan Antonio de la Guardia.<\/figcaption><\/figure>\n\n\n\n<p>El Presidente de la Asociaci\u00f3n de Gu\u00edas Tur\u00edsticos Juan Antonio de la Guardia consider\u00f3 que Cerro Azul cuenta con suficientes atractivos, facilidades de hospedaje y alimentacion para convertirse en un destino turistico para nacionales y extranjeros. Igualmente, es importante resaltar que este destino tur\u00edstico natural se encuentra dentro del Parque Nacional Chagres.<\/p>\n","protected":false},"excerpt":{"rendered":"<p>Con el objetivo de dar a conocer lo que ofrece el \u00e1rea de Cerro Azul, los due\u00f1os de hoteles, atracciones y servicios tur\u00edsticos del \u00e1rea invitaron a la C\u00e1mara Nacional de Turismo y a la Asociaci\u00f3n de Gu\u00edas de Panam\u00e1 a un recorrido Conociendo el gran valor eco tur\u00edstico de este sector que se encuentra [&hellip;]<\/p>\n","protected":false},"author":1,"featured_media":10810,"comment_status":"open","ping_status":"open","sticky":false,"template":"","format":"standard","meta":[],"categories":[30],"tags":[],"_links":{"self":[{"href":"https:\/\/www.thevisitorpanama.info\/esp\/wp-json\/wp\/v2\/posts\/10808"}],"collection":[{"href":"https:\/\/www.thevisitorpanama.info\/esp\/wp-json\/wp\/v2\/posts"}],"about":[{"href":"https:\/\/www.thevisitorpanama.info\/esp\/wp-json\/wp\/v2\/types\/post"}],"author":[{"embeddable":true,"href":"https:\/\/www.thevisitorpanama.info\/esp\/wp-json\/wp\/v2\/users\/1"}],"replies":[{"embeddable":true,"href":"https:\/\/www.thevisitorpanama.info\/esp\/wp-json\/wp\/v2\/comments?post=10808"}],"version-history":[{"count":9,"href":"https:\/\/www.thevisitorpanama.info\/esp\/wp-json\/wp\/v2\/posts\/10808\/revisions"}],"predecessor-version":[{"id":10822,"href":"https:\/\/www.thevisitorpanama.info\/esp\/wp-json\/wp\/v2\/posts\/10808\/revisions\/10822"}],"wp:featuredmedia":[{"embeddable":true,"href":"https:\/\/www.thevisitorpanama.info\/esp\/wp-json\/wp\/v2\/media\/10810"}],"wp:attachment":[{"href":"https:\/\/www.thevisitorpanama.info\/esp\/wp-json\/wp\/v2\/media?parent=10808"}],"wp:term":[{"taxonomy":"category","embeddable":true,"href":"https:\/\/www.thevisitorpanama.info\/esp\/wp-json\/wp\/v2\/categories?post=10808"},{"taxonomy":"post_tag","embeddable":true,"href":"https:\/\/www.thevisitorpanama.info\/esp\/wp-json\/wp\/v2\/tags?post=10808"}],"curies":[{"name":"wp","href":"https:\/\/api.w.org\/{rel}","templated":true}]}}