{"id":10771,"date":"2022-05-12T18:20:04","date_gmt":"2022-05-12T23:20:04","guid":{"rendered":"http:\/\/thevisitorpanama.net\/esp\/?p=10771"},"modified":"2022-05-12T19:52:44","modified_gmt":"2022-05-13T00:52:44","slug":"camtur-firma-convenios-para-promover-avistamiento-de-aves-y-museos-en-panama","status":"publish","type":"post","link":"https:\/\/www.thevisitorpanama.info\/esp\/2022\/05\/12\/camtur-firma-convenios-para-promover-avistamiento-de-aves-y-museos-en-panama\/","title":{"rendered":"CAMTUR Firma Convenios para la Promoci\u00f3n de Avistamiento de Aves y Museos en Panam\u00e1"},"content":{"rendered":"\n<p>La C\u00e1mara Nacional de Turismo de\nPanam\u00e1 como principal vocero y gestor de acciones para apoyar y fortalecer el\nsector turismo en Panam\u00e1, celebr\u00f3\nel jueves 12 de mayo, en Albrook Mall, la firma de convenios con la Fundaci\u00f3n\nAlada y Red de Museos <a>y Centro de Visitantes de Panam\u00e1 <\/a>y\nla entrega de reconocimientos especiales a miembros de la Asociaci\u00f3n de Gu\u00edas\nde Turismo.<\/p>\n\n\n\n<figure class=\"wp-block-image\"><img decoding=\"async\" loading=\"lazy\" width=\"1600\" height=\"1200\" src=\"https:\/\/thevisitorpanama.net\/esp\/wp-content\/uploads\/2022\/05\/IMG-20220512-WA0022.jpg\" alt=\"\" class=\"wp-image-10778\"\/><\/figure>\n\n\n\n<p>Estuvieron presentes en este evento, el Sr. Ovidio\nD\u00edaz, Presidente de la C\u00e1mara Nacional de Turismo, miembros de su Junta\nDirectiva, por Fundaci\u00f3n Alada su Presidenta Flavia Cozzareli, Amanda Destro, Presidenta\nde la Red de Museos y Centro de Visitantes de Panam\u00e1, y Patricio Roca,\nVicepresidente de la Asociaci\u00f3n de Gu\u00edas de Turismo.<\/p>\n\n\n\n<p>D\u00eda a d\u00eda la C\u00e1mara Nacional de Turismo contribuye al\nfortalecimiento del turismo nacional, nuestra econom\u00eda y a la creaci\u00f3n de\nnuevas plazas de trabajo.<\/p>\n\n\n\n<figure class=\"wp-block-image\"><img decoding=\"async\" loading=\"lazy\" width=\"1200\" height=\"1600\" src=\"https:\/\/thevisitorpanama.net\/esp\/wp-content\/uploads\/2022\/05\/IMG-20220512-WA0025-1.jpg\" alt=\"\" class=\"wp-image-10781\"\/><\/figure>\n","protected":false},"excerpt":{"rendered":"<p>La C\u00e1mara Nacional de Turismo de Panam\u00e1 como principal vocero y gestor de acciones para apoyar y fortalecer el sector turismo en Panam\u00e1, celebr\u00f3 el jueves 12 de mayo, en Albrook Mall, la firma de convenios con la Fundaci\u00f3n Alada y Red de Museos y Centro de Visitantes de Panam\u00e1 y la entrega de reconocimientos [&hellip;]<\/p>\n","protected":false},"author":1,"featured_media":10777,"comment_status":"open","ping_status":"open","sticky":false,"template":"","format":"standard","meta":[],"categories":[44],"tags":[],"_links":{"self":[{"href":"https:\/\/www.thevisitorpanama.info\/esp\/wp-json\/wp\/v2\/posts\/10771"}],"collection":[{"href":"https:\/\/www.thevisitorpanama.info\/esp\/wp-json\/wp\/v2\/posts"}],"about":[{"href":"https:\/\/www.thevisitorpanama.info\/esp\/wp-json\/wp\/v2\/types\/post"}],"author":[{"embeddable":true,"href":"https:\/\/www.thevisitorpanama.info\/esp\/wp-json\/wp\/v2\/users\/1"}],"replies":[{"embeddable":true,"href":"https:\/\/www.thevisitorpanama.info\/esp\/wp-json\/wp\/v2\/comments?post=10771"}],"version-history":[{"count":5,"href":"https:\/\/www.thevisitorpanama.info\/esp\/wp-json\/wp\/v2\/posts\/10771\/revisions"}],"predecessor-version":[{"id":10782,"href":"https:\/\/www.thevisitorpanama.info\/esp\/wp-json\/wp\/v2\/posts\/10771\/revisions\/10782"}],"wp:featuredmedia":[{"embeddable":true,"href":"https:\/\/www.thevisitorpanama.info\/esp\/wp-json\/wp\/v2\/media\/10777"}],"wp:attachment":[{"href":"https:\/\/www.thevisitorpanama.info\/esp\/wp-json\/wp\/v2\/media?parent=10771"}],"wp:term":[{"taxonomy":"category","embeddable":true,"href":"https:\/\/www.thevisitorpanama.info\/esp\/wp-json\/wp\/v2\/categories?post=10771"},{"taxonomy":"post_tag","embeddable":true,"href":"https:\/\/www.thevisitorpanama.info\/esp\/wp-json\/wp\/v2\/tags?post=10771"}],"curies":[{"name":"wp","href":"https:\/\/api.w.org\/{rel}","templated":true}]}}