{"id":10531,"date":"2022-04-12T17:14:59","date_gmt":"2022-04-12T22:14:59","guid":{"rendered":"http:\/\/thevisitorpanama.net\/esp\/?p=10531"},"modified":"2022-04-12T17:25:11","modified_gmt":"2022-04-12T22:25:11","slug":"lanzan-plataforma-digital-circuito-del-cafe-para-el-mercado-nacional","status":"publish","type":"post","link":"https:\/\/www.thevisitorpanama.info\/esp\/2022\/04\/12\/lanzan-plataforma-digital-circuito-del-cafe-para-el-mercado-nacional\/","title":{"rendered":"Lanzan Plataforma Digital &#8220;Circuito del Caf\u00e9&#8221; para el Mercado Nacional"},"content":{"rendered":"\n<p><strong>ATP, en alianza con el sector privado, lanza plataforma digital: \u201cCircuito del Caf\u00e9\u201d con la que se busca fortalecer la marca<\/strong><\/p>\n\n\n\n<p>Con el apoyo de la Autoridad de Turismo de Panam\u00e1 (ATP) y, en alianza estrat\u00e9gica con la Fundaci\u00f3n Circuito del Caf\u00e9 y el Centro de Competitividad de la Regi\u00f3n Occidental (CECOMRO), lanz\u00f3 la plataforma:&nbsp;<a href=\"http:\/\/www.circuitodelcafe.com\/\" target=\"_blank\" rel=\"noreferrer noopener\">www.circuitodelcafe.com<\/a>&nbsp;, con la que se busca fortalecer la marca.<\/p>\n\n\n\n<p>El portal interactivo, en esta primera fase, est\u00e1 dirigido al visitante nacional y, posteriormente, se presentar\u00e1 con fuerza al mercado internacional, en coordinaci\u00f3n con Promtur Panam\u00e1.&nbsp;<\/p>\n\n\n\n<figure class=\"wp-block-image\"><img decoding=\"async\" loading=\"lazy\" width=\"1280\" height=\"558\" src=\"https:\/\/thevisitorpanama.net\/esp\/wp-content\/uploads\/2022\/04\/FOTO-CAFE4.jpg\" alt=\"\" class=\"wp-image-10534\"\/><\/figure>\n\n\n\n<p>Aquellos turistas interesados en conocer de este producto paname\u00f1o, al ingresar a las secciones de la p\u00e1gina podr\u00e1n obtener informaci\u00f3n por regi\u00f3n de la oferta tur\u00edstica de las fincas cafetaleras. Desde su historia, la calidad del grano, las experiencias que ofrecen en sus paquetes promocionales y precios, im\u00e1genes y v\u00eddeos.<\/p>\n\n\n\n<p>Abierta esta ventana, de acuerdo al Administrador de Turismo Iv\u00e1n Eskildsen, se expondr\u00e1 de forma permanente, a locales y extranjeros, no solo la calidad del caf\u00e9 que se produce en la provincia de Chiriqu\u00ed sino el conjunto de experiencias en torno al circuito, que conforman unas 30 fincas cafetaleras, ubicadas en Boquete, Tierras Altas, Hornito y Renacimiento.<\/p>\n\n\n\n<p>Adem\u00e1s, se facilitar\u00e1 el desarrollo de este producto tur\u00edstico enfocado en el fortalecimiento de la experiencia del visitante y la promoci\u00f3n como parte del esfuerzo de reactivaci\u00f3n econ\u00f3mica, en la que est\u00e1 enfocado el Gobierno Nacional.<\/p>\n\n\n\n<p>Para la creaci\u00f3n de esta p\u00e1gina web, se hicieron mapeos de las 30 fincas y se solicit\u00f3 informaci\u00f3n a sus propietarios, a fin de documentar el sitio y la ATP dict\u00f3 talleres, particip\u00f3 en reuniones organizativas con la Fundaci\u00f3n Circuito del Caf\u00e9 y CECOMRO.<\/p>\n\n\n\n<p>Con este lanzamiento, la ATP contin\u00faa con la ejecuci\u00f3n del Plan Maestro de Turismo Sostenible y le da seguimiento al compromiso establecido por el presidente Laurentino Cortizo Cohen, en el Gabinete Tur\u00edstico realizado en Boquete en agosto de 2019, donde se reafirm\u00f3 la importancia del Circuito del Caf\u00e9 para el desarrollo tur\u00edstico de la regi\u00f3n y se comprometi\u00f3 en apoyar los esfuerzos de desarrollo del mismo a trav\u00e9s de alianzas p\u00fablico-privadas.<\/p>\n","protected":false},"excerpt":{"rendered":"<p>ATP, en alianza con el sector privado, lanza plataforma digital: \u201cCircuito del Caf\u00e9\u201d con la que se busca fortalecer la marca Con el apoyo de la Autoridad de Turismo de Panam\u00e1 (ATP) y, en alianza estrat\u00e9gica con la Fundaci\u00f3n Circuito del Caf\u00e9 y el Centro de Competitividad de la Regi\u00f3n Occidental (CECOMRO), lanz\u00f3 la plataforma:&nbsp;www.circuitodelcafe.com&nbsp;, [&hellip;]<\/p>\n","protected":false},"author":1,"featured_media":10533,"comment_status":"open","ping_status":"open","sticky":false,"template":"","format":"standard","meta":[],"categories":[44],"tags":[],"_links":{"self":[{"href":"https:\/\/www.thevisitorpanama.info\/esp\/wp-json\/wp\/v2\/posts\/10531"}],"collection":[{"href":"https:\/\/www.thevisitorpanama.info\/esp\/wp-json\/wp\/v2\/posts"}],"about":[{"href":"https:\/\/www.thevisitorpanama.info\/esp\/wp-json\/wp\/v2\/types\/post"}],"author":[{"embeddable":true,"href":"https:\/\/www.thevisitorpanama.info\/esp\/wp-json\/wp\/v2\/users\/1"}],"replies":[{"embeddable":true,"href":"https:\/\/www.thevisitorpanama.info\/esp\/wp-json\/wp\/v2\/comments?post=10531"}],"version-history":[{"count":2,"href":"https:\/\/www.thevisitorpanama.info\/esp\/wp-json\/wp\/v2\/posts\/10531\/revisions"}],"predecessor-version":[{"id":10536,"href":"https:\/\/www.thevisitorpanama.info\/esp\/wp-json\/wp\/v2\/posts\/10531\/revisions\/10536"}],"wp:featuredmedia":[{"embeddable":true,"href":"https:\/\/www.thevisitorpanama.info\/esp\/wp-json\/wp\/v2\/media\/10533"}],"wp:attachment":[{"href":"https:\/\/www.thevisitorpanama.info\/esp\/wp-json\/wp\/v2\/media?parent=10531"}],"wp:term":[{"taxonomy":"category","embeddable":true,"href":"https:\/\/www.thevisitorpanama.info\/esp\/wp-json\/wp\/v2\/categories?post=10531"},{"taxonomy":"post_tag","embeddable":true,"href":"https:\/\/www.thevisitorpanama.info\/esp\/wp-json\/wp\/v2\/tags?post=10531"}],"curies":[{"name":"wp","href":"https:\/\/api.w.org\/{rel}","templated":true}]}}