{"id":10516,"date":"2022-04-09T15:55:40","date_gmt":"2022-04-09T20:55:40","guid":{"rendered":"http:\/\/thevisitorpanama.net\/esp\/?p=10516"},"modified":"2022-04-09T16:07:44","modified_gmt":"2022-04-09T21:07:44","slug":"boquete-celebra-su-fundacion-con-actividades-culturales-y-folcloricas","status":"publish","type":"post","link":"https:\/\/www.thevisitorpanama.info\/esp\/2022\/04\/09\/boquete-celebra-su-fundacion-con-actividades-culturales-y-folcloricas\/","title":{"rendered":"Boquete Celebrar\u00e1 su Fundaci\u00f3n con Actividades Culturales y Folcl\u00f3ricas"},"content":{"rendered":"\n<p>Rodeada de naturaleza y un clima agradable, la comunidad de Boquete, en la provincia de Chiriqu\u00ed, celebrar\u00e1 este lunes 11 de abril sus 111 a\u00f1os de fundaci\u00f3n.<br>Este distrito fue creado en 1911 mediante la Ley 20 y est\u00e1 integrado por los corregimientos de Bajo Boquete, Los Naranjos, Jaramillo, Alto Boquete, Palmira y Caldera.<br>La Alcald\u00eda, ha iniciado una serie de actividades culturales y recreativas para conmemorar la historia y evoluci\u00f3n de la regi\u00f3n, junto a residentes y visitantes.<\/p>\n\n\n\n<p><br>Agenda<br>\u25aaPrimera exposici\u00f3n de producci\u00f3n agr\u00edcola <\/p>\n\n\n\n<p>S\u00e1bado 9 de abril<\/p>\n\n\n\n<p>Hora: Desde las 9:00 a.m.\u00a0<\/p>\n\n\n\n<p>Lugar: Feria Rural Artesanal, lateral al mercado p\u00fablico de Boquete.<\/p>\n\n\n\n<p>\u25aaFeria Rural Artesanal:<\/p>\n\n\n\n<p>S\u00e1bado 9 y domingo 10 de abril<\/p>\n\n\n\n<p>Hora: 10:00 a.m., a\u00a0 7:00 p.m.\u00a0<\/p>\n\n\n\n<p>Lugar: Calle lateral al Mercado Municipal<\/p>\n\n\n\n<p>\u25aaPresentaciones Folcl\u00f3ricas:<\/p>\n\n\n\n<p>S\u00e1bado 9 y domingo 10 de abril<\/p>\n\n\n\n<p>Hora: 5:00 p.m.\u00a0<\/p>\n\n\n\n<p>Peatonal de Bajo Boquete<br>Marat\u00f3n<\/p>\n\n\n\n<p>Domingo 10 de abril<\/p>\n\n\n\n<p>Hora: 6:00 a.m.<\/p>\n\n\n\n<p>\u00a0<br>\u25aaMisa de Aniversario<\/p>\n\n\n\n<p>Lunes 11 de abril<\/p>\n\n\n\n<p>Hora: 8:00 a.m.\u00a0<\/p>\n\n\n\n<p>Lunes 11 de abril<\/p>\n\n\n\n<p>Lugar: Iglesia San Juan Bautista<br><\/p>\n\n\n\n<p>\u25aaActo c\u00edvico<\/p>\n\n\n\n<p>Hora: 9:00 a.m.\u00a0<\/p>\n\n\n\n<p>Lugar: Peatonal de Bajo Boquete<\/p>\n\n\n\n<p><br>\u25aaConcurso de poes\u00eda<\/p>\n\n\n\n<p>Lunes 11 de abril<\/p>\n\n\n\n<p>Hora: 10:30 a.m.\u00a0<\/p>\n\n\n\n<p>Lugar: Peatonal de Bajo Boquete<br><\/p>\n","protected":false},"excerpt":{"rendered":"<p>Rodeada de naturaleza y un clima agradable, la comunidad de Boquete, en la provincia de Chiriqu\u00ed, celebrar\u00e1 este lunes 11 de abril sus 111 a\u00f1os de fundaci\u00f3n.Este distrito fue creado en 1911 mediante la Ley 20 y est\u00e1 integrado por los corregimientos de Bajo Boquete, Los Naranjos, Jaramillo, Alto Boquete, Palmira y Caldera.La Alcald\u00eda, ha [&hellip;]<\/p>\n","protected":false},"author":1,"featured_media":10519,"comment_status":"open","ping_status":"open","sticky":false,"template":"","format":"standard","meta":[],"categories":[44],"tags":[],"_links":{"self":[{"href":"https:\/\/www.thevisitorpanama.info\/esp\/wp-json\/wp\/v2\/posts\/10516"}],"collection":[{"href":"https:\/\/www.thevisitorpanama.info\/esp\/wp-json\/wp\/v2\/posts"}],"about":[{"href":"https:\/\/www.thevisitorpanama.info\/esp\/wp-json\/wp\/v2\/types\/post"}],"author":[{"embeddable":true,"href":"https:\/\/www.thevisitorpanama.info\/esp\/wp-json\/wp\/v2\/users\/1"}],"replies":[{"embeddable":true,"href":"https:\/\/www.thevisitorpanama.info\/esp\/wp-json\/wp\/v2\/comments?post=10516"}],"version-history":[{"count":3,"href":"https:\/\/www.thevisitorpanama.info\/esp\/wp-json\/wp\/v2\/posts\/10516\/revisions"}],"predecessor-version":[{"id":10522,"href":"https:\/\/www.thevisitorpanama.info\/esp\/wp-json\/wp\/v2\/posts\/10516\/revisions\/10522"}],"wp:featuredmedia":[{"embeddable":true,"href":"https:\/\/www.thevisitorpanama.info\/esp\/wp-json\/wp\/v2\/media\/10519"}],"wp:attachment":[{"href":"https:\/\/www.thevisitorpanama.info\/esp\/wp-json\/wp\/v2\/media?parent=10516"}],"wp:term":[{"taxonomy":"category","embeddable":true,"href":"https:\/\/www.thevisitorpanama.info\/esp\/wp-json\/wp\/v2\/categories?post=10516"},{"taxonomy":"post_tag","embeddable":true,"href":"https:\/\/www.thevisitorpanama.info\/esp\/wp-json\/wp\/v2\/tags?post=10516"}],"curies":[{"name":"wp","href":"https:\/\/api.w.org\/{rel}","templated":true}]}}