{"id":10238,"date":"2022-03-24T01:22:31","date_gmt":"2022-03-24T00:22:31","guid":{"rendered":"http:\/\/thevisitorpanama.net\/esp\/?p=10238"},"modified":"2022-03-24T01:25:53","modified_gmt":"2022-03-24T00:25:53","slug":"inaugura-expocomer-la-vitrina-comercial-de-panama-con-el-mundo","status":"publish","type":"post","link":"https:\/\/www.thevisitorpanama.info\/esp\/2022\/03\/24\/inaugura-expocomer-la-vitrina-comercial-de-panama-con-el-mundo\/","title":{"rendered":"Inaugura EXPOCOMER , la Vitrina Comercial de Panam\u00e1 con el Mundo"},"content":{"rendered":"\n<p><strong>Panam\u00e1, 23 de marzo de 2022).<\/strong>&nbsp;La trig\u00e9sima octava edici\u00f3n de EXPOCOMER 2022, que organiza la C\u00e1mara de Comercio, Industrias y Agricultura de Panam\u00e1 (CCIAP), abri\u00f3 sus puertas hoy, en el Panama Convention Center en Amador, con la participaci\u00f3n de casi 600 empresas que buscan establecer contactos de negocios entre los sectores empresariales de casi 30 pa\u00edses de Am\u00e9rica Latina, el Caribe, Europa, \u00c1frica y Asia.<\/p>\n\n\n\n<p>La ceremonia de inauguraci\u00f3n de la Vitrina del Comercio Mundial, como se le conoce a EXPOCOMER, cont\u00f3 con la asistencia de Laurentino Cortizo, presidente de la Rep\u00fablica de Panam\u00e1; Jos\u00e9 Gabriel Carrizo, vicepresidente de la Rep\u00fablica; Alberto Alem\u00e1n Zubieta, como orador de fondo; Jose Ram\u00f3n Icaza, presidente de la CCIAP; Jorge Juan de la Guardia, presidente de la Comisi\u00f3n Organizadora de Exposiciones y Eventos del gremio empresarial; Marcela Galindo, vicepresidenta de la CCIAP y Ram\u00f3n Mart\u00ednez, ministro de Comercio e Industrias. As\u00ed como, autoridades del Gobierno Nacional, cuerpo diplom\u00e1tico acreditado en Panam\u00e1, ministros de Estados y empresas expositoras.<\/p>\n\n\n\n<figure class=\"wp-block-image\"><img decoding=\"async\" loading=\"lazy\" width=\"1280\" height=\"853\" src=\"https:\/\/thevisitorpanama.net\/esp\/wp-content\/uploads\/2022\/03\/WhatsApp-Image-2022-03-23-at-1.01.55-PM-2.jpeg\" alt=\"\" class=\"wp-image-10241\"\/><\/figure>\n\n\n\n<p>\u201cEXPOCOMER 2022 se lleva a cabo en el marco de un a\u00f1o en que el mundo camina un proceso de recuperaci\u00f3n, luego de las crisis sanitarias a nivel internacional por el Covid-19.&nbsp; En Panam\u00e1, estamos tratando de superar la crisis encontrando en ella oportunidades y hoy continuamos trabajando por un pa\u00eds que logre un desarrollo sostenible a largo plazo\u201d, expres\u00f3 Jose Ram\u00f3n Icaza, presidente de la CCIAP.<\/p>\n\n\n\n<p>De igual forma, destac\u00f3 que \u201cPanam\u00e1 es el lugar ideal para crecer, fortalecer los negocios y promover el intercambio comercial entre los sectores empresariales de todos los pa\u00edses, por lo que nuestro gremio se siente orgulloso de ser anfitri\u00f3n de ferias de esta calidad y trascendencia, que se desarrollar\u00e1n en la misma fecha para mostrarle al mundo que nuestro pa\u00eds est\u00e1 preparado para recibir eventos internacionales&nbsp;dentro de un mismo centro de convenciones de primer mundo, y qu\u00e9 mejor oportunidad que \u00e9sta para verlo funcionar a su total capacidad&nbsp;con Expocomer, Expo Log\u00edstica Panam\u00e1 y Expo Turismo Internacional&#8221;.<\/p>\n\n\n\n<p>Adem\u00e1s, precis\u00f3 que la prueba vivida en los a\u00f1os anteriores demostr\u00f3 la importancia de la interrelaci\u00f3n que existe en todos los niveles de las distintas naciones del mundo, por tal motivo la ocasi\u00f3n es propicia para decirle a los pa\u00edses que est\u00e1n aqu\u00ed y a\u00fan se encuentran en v\u00edas de recuperaci\u00f3n, que estamos presentes y deseamos hacer negocios, para as\u00ed mantener el acelerador en la recuperaci\u00f3n econ\u00f3mica internacional.<\/p>\n\n\n\n<p>Por otro lado, Icaza se refiri\u00f3 al esfuerzo conjunto entre Costa Rica, Rep\u00fablica Dominicana y Panam\u00e1, para constituir el Consejo Empresarial ADD+USA Business Council con el principal norte de impulsar a trav\u00e9s de proyectos y acciones puntuales el crecimiento socioecon\u00f3mico a largo plazo entre ambos pa\u00edses a trav\u00e9s de la promoci\u00f3n de la democracia, los derechos humanos y el Estado de Derecho; as\u00ed como, el desarrollo del intercambio comercial, la inversi\u00f3n y el intercambio de conocimiento, informaci\u00f3n y mejores pr\u00e1cticas entre los Estados Unidos y estos tres pa\u00edses hermanos que conformamos la Alianza para el Desarrollo en Democracia.&nbsp;<\/p>\n\n\n\n<p>\u201cA trav\u00e9s de identificar sinergias y oportunidades para la colaboraci\u00f3n de producci\u00f3n y el aporte de valor en la cadena de suministros \u201cbuscamos avanzar en un di\u00e1logo constructivo con los Estados Unidos y as\u00ed identificar potenciales proyectos que nos permitan alcanzar los objetivos antes mencionados\u201d, precis\u00f3 Icaza&nbsp;<\/p>\n\n\n\n<p>A la vez dijo, por nuestra parte, como sector privado hemos unido esfuerzos con nuestros pares costarricenses y dominicanos y formalmente hemos constituido el Consejo Empresarial ADD+USA Business Council con el principal norte de impulsar a trav\u00e9s de proyectos y acciones puntuales el crecimiento socioecon\u00f3mico a largo plazo en Costa Rica, Rep\u00fablica Dominicana y Panam\u00e1 a trav\u00e9s de la promoci\u00f3n de la democracia, los derechos humanos y el Estado de Derecho; as\u00ed como, el desarrollo del intercambio comercial, la inversi\u00f3n y el intercambio de conocimiento, informaci\u00f3n y mejores pr\u00e1cticas entre los Estados Unidos y estos tres pa\u00edses hermanos que conformamos la Alianza para el Desarrollo en Democracia.&nbsp;<\/p>\n\n\n\n<p>Por su parte, Jorge Juan de la Guardia, presidente de la Comisi\u00f3n Organizadora de Exposiciones y Eventos de la CCIAP y de EXPOCOMER 2022, manifest\u00f3 una gran felicidad, en nombre de la Comisi\u00f3n Organizadora de la feria; as\u00ed como de toda la membres\u00eda del gremio empresarial, me complace darles la m\u00e1s cordial bienvenida a la Trig\u00e9sima Octava versi\u00f3n de la exposici\u00f3n que representa el punto de encuentro del comercio mundial m\u00e1s importante de Panam\u00e1 y la regi\u00f3n\u201d.<\/p>\n\n\n\n<p>\u201cEn este ma\u00f1ana, reafirmamos nuestro compromiso de presentarnos al mundo como el hub m\u00e1s efectivo para establecer relaciones comerciales en la Latinoam\u00e9rica, logrando para todos nuestros expositores y compradores importantes transacciones comerciales que los ayuden a retomar el ritmo de negocios\u201d, exterioriz\u00f3 de la Guardia.<\/p>\n\n\n\n<p>El presidente de la Comisi\u00f3n Organizadora de la feria inform\u00f3 que este a\u00f1o contamos como pa\u00eds invitado con la presencia de nuestro principal socio comercial, Estados Unidos\u00b8 que despu\u00e9s de varios a\u00f1os retoma su presencia y estamos seguros esta crecer\u00e1 y se fortalecer\u00e1 en el tiempo. Adem\u00e1s, destac\u00f3 la presencia por primera vez de Australia en EXPOCOMER.<\/p>\n\n\n\n<p><strong>EXPOCOMER<\/strong><\/p>\n\n\n\n<p>EXPOCOMER, la \u201cVitrina del Comercio Mundial\u201d que se llevar\u00e1 a cabo del 23 al 26 de marzo pr\u00f3ximo, es organizado por la CCIAP desde el a\u00f1o 1983. Este a\u00f1o se celebrar\u00e1 la edici\u00f3n n\u00famero 38, con el patrocinio del Ministerio de Comercio e Industrias (MICI), Copa Airlines, Cobre Panam\u00e1, la Autoridad para la Atracci\u00f3n de Inversiones y la Promoci\u00f3n de Exportaciones de Panam\u00e1 (PROPANAMA), Aduanas Santos,&nbsp;el Fondo de Promoci\u00f3n Tur\u00edstica (PROMTUR), Tigo Business, la Autoridad de la Micro, Peque\u00f1a y Mediana Empresas, RPC Radio, Telemetro Reporta, ECO TV y el Ministerio de Econom\u00eda y Finanzas.<\/p>\n\n\n\n<p><strong>Categor\u00edas de productos<\/strong><\/p>\n\n\n\n<p>Los pa\u00edses que participan de la feria multisectorial cuentan con 20 pabellones conformados por m\u00e1s de 500 m\u00f3dulos que se albergar\u00e1n en la sala de exhibici\u00f3n de 16 mil metros cuadrados, donde 600 empresas&nbsp;<a>presentan sus productos en las&nbsp;<\/a><a>categor\u00edas de alimentos, bebidas y productos agropecuarios; textiles, ropa y accesorios; tecnolog\u00eda y electr\u00f3nicos; equipos e insumos m\u00e9dicos que representan a 25 pa\u00edses.<\/a><\/p>\n\n\n\n<p><strong>Pa\u00edses confirmados<\/strong><\/p>\n\n\n\n<p><a>Entre los pa\u00edses que han manifestado su compromiso de participar como expositores en la trig\u00e9sima octava edici\u00f3n, figuran:&nbsp;<\/a>Argentina, Barbados, Bolivia, Brasil, Colombia, Costa Rica, Ecuador, El Salvador, Espa\u00f1a, Estados Unidos, Francia, Guatemala, Honduras, India, Korea, M\u00e9xico, Nicaragua, Panam\u00e1, Paraguay, Per\u00fa, Puerto Rico, Rep\u00fablica Dominicana, Rep\u00fablica Popular China, Trinidad y Tobago y Turqu\u00eda.<\/p>\n\n\n\n<p>Estados Unidos es el pa\u00eds invitado de Expocomer, al tiempo que destacan Turqu\u00eda y Colombia por su amplia representaci\u00f3n.<\/p>\n\n\n\n<p><strong>Misiones comerciales<\/strong><\/p>\n\n\n\n<p>Al mismo tiempo, participan misiones comerciales, coordinadas a trav\u00e9s de diferentes c\u00e1maras de comercio como la de Guatemala, C\u00e1mara Peruano Paname\u00f1o, C\u00e1mara de Comercio Exterior de Costa Rica (CRECEX), PROCOMER El Salvador y C\u00e1mara del Pacifico de Colombia. Para estas misiones se ha contado con el apoyo del cuerpo diplom\u00e1tico paname\u00f1o en el exterior.<\/p>\n\n\n\n<p>Sumado a ello, una de las novedades de este a\u00f1o es que&nbsp;<a>por primera vez se ha organizado una misi\u00f3n comercial compuesta por entidades humanitarias, interesadas en hacer contacto con potenciales proveedores de productos y servicios, y tendr\u00e1n una rueda de negocios especializada para lograr sus objetivos.<\/a><\/p>\n\n\n\n<p><strong>Rueda de Negocios<\/strong><\/p>\n\n\n\n<p>La s\u00e9ptima edici\u00f3n de la Rueda Internacional de Negocios de EXPOCOMER est\u00e1 programada para el d\u00eda 24 de marzo, con capacidad m\u00e1xima de 150 compradores, quienes tendr\u00e1n la oportunidad de aplicar para tener el privilegio de reunirse en un periodo de 2:00 p.m. a 8:30 p.m. con proveedores de productos, previamente elegidos y con quienes han acordado una agenda.&nbsp;<\/p>\n\n\n\n<p>Los compradores que han confirmado su participaci\u00f3n proceden de Argentina, Bolivia, Brasil, Canad\u00e1. Chile, Colombia, Costa Rica, Rep\u00fablica Dominicana, Ecuador, El Salvador, Estados Unidos, Guatemala, Guyana, Jamaica, M\u00e9xico, Antillas Holandesas, Nicaragua, Panam\u00e1, Paraguay, Per\u00fa, Puerto Rico, Uruguay y Venezuela.<\/p>\n\n\n\n<p>Como novedad, por primera vez una misi\u00f3n de entidades humanitarias, participar\u00e1n de esta rueda de negocios a fin de concretar oportunidades de servicios log\u00edsticos entre los potenciales proveedores y las entidades humanitarias que requieren insumos para atender las diferentes emergencias que surgen en situaciones de crisis o emergencia en la regi\u00f3n.<\/p>\n\n\n\n<p><strong>Eventos paralelos<\/strong><\/p>\n\n\n\n<p>Como valor agregado, durante esta exhibici\u00f3n se desarrollar\u00e1n diversas actividades paralelas como foros, premiaciones, Networking, congresos sobre temas de inter\u00e9s y actualidad para los empresarios con temas econ\u00f3micos, log\u00edstico, mercadeo y oportunidades de negocios, entre otros. En donde se espera la participaci\u00f3n de m\u00e1s de 50 especialistas nacionales e internacionales que expondr\u00e1n temas de gran inter\u00e9s para el sector empresarial, entre ellos se destacan:<\/p>\n\n\n\n<p><strong>1.&nbsp;&nbsp;&nbsp;&nbsp;<\/strong>Coctel de Inauguraci\u00f3n de Expo Log\u00edstica Panam\u00e1\/<strong>23 de marzo de 2022, a las 4:00 p.m.<\/strong><\/p>\n\n\n\n<p><strong>2.&nbsp;&nbsp;&nbsp;&nbsp;<\/strong>Entrega del Premio Nacional a la Innovaci\u00f3n Empresarial 2021<strong>\/ 23 de marzo de 2022, a las 6:00 p.m.<\/strong><\/p>\n\n\n\n<p><strong>3.&nbsp;&nbsp;&nbsp;&nbsp;<\/strong>Foro Econ\u00f3mico: \u201cExpectativas de la actividad empresarial para Panam\u00e1 y la regi\u00f3n\u201d<strong>&nbsp;\/ 24 de marzo de 2022 a las 9:00 a.m.<\/strong><\/p>\n\n\n\n<p><strong>4.&nbsp;&nbsp;&nbsp;&nbsp;<\/strong>Elecciones para escoger la Junta Directiva de la CCIAP para el periodo 2022-2023<strong>\/24 de marzo de 8:00 a.m. a 7:00 p.m.<\/strong><\/p>\n\n\n\n<p><strong>5.&nbsp;&nbsp;&nbsp;&nbsp;<\/strong>Marketing Trends<strong>\/24 de marzo, de 9:00 a.m. a 2:00 p.m.<\/strong><\/p>\n\n\n\n<p><strong>6.&nbsp;&nbsp;&nbsp;&nbsp;<\/strong>Foro \u201cActivaci\u00f3n empresarial en Positivo, Inversiones y proyecci\u00f3n comercial de la regi\u00f3n\u201d- organizado por Panam\u00e1 en Positivo\/<strong>25 de marzo a las 8:00 a.m.<\/strong><\/p>\n\n\n\n<p><strong>7.&nbsp;&nbsp;&nbsp;&nbsp;<\/strong>Congreso Especializado: La revoluci\u00f3n de los servicios log\u00edsticos<strong>\/ 25 de marzo a las 8:00 a.m. a 3:00 p.m.<\/strong><\/p>\n\n\n\n<p><strong>8.&nbsp;&nbsp;&nbsp;&nbsp;<\/strong>Conferencia de apertura de Expo Turismo Internacional<strong>\/ 25 de marzo a las 8:00 a.m.<\/strong><\/p>\n\n\n\n<p><strong>9.&nbsp;&nbsp;&nbsp;&nbsp;<\/strong>Foro de Salud-&nbsp;Foro \u201cPanam\u00e1 como Centro de Innovaci\u00f3n en Salud: oportunidades para el desarrollo sostenible y econ\u00f3mico\u201d.<strong>&nbsp;\/ 25 de marzo de 9:00 a.m. a 12:00 p.m.<\/strong><\/p>\n\n\n\n<p><strong>10.&nbsp;&nbsp;<\/strong>Networking \u2013 Mujer en el Mundo Gremial: Los Tacones Rojos de los Gremios&nbsp;<strong>\/, 25 de marzo de 4:00 p.m. a 7:00 p.m.<\/strong><\/p>\n\n\n\n<p><strong>11.&nbsp;&nbsp;<\/strong>III ENCUENTRO EMPRESARIAL de CENTROAM\u00c9RICA-FECAMCO: Recuperaci\u00f3n centroamericana lecciones y proyecciones empresariales \/<strong>&nbsp;25 de marzo de 4:00 p.m. a 7:00 p.m.<\/strong><\/p>\n\n\n\n<p><strong>Horario de las ferias<\/strong><\/p>\n\n\n\n<p>El 23 de marzo, el horario de entrada de EXPOCOMER para expositores es de 1:00 p.m. a 9:00 p.m.; mientras que los d\u00edas 24 y 25 de marzo el acceso es de 9:00 a.m. a 7:00 p.m. En tanto, el s\u00e1bado 26 de marzo es de 11:00 a.m. a 7:00 p.m. para expositores, compradores y el p\u00fablico en general.<\/p>\n\n\n\n<p><strong>Costo de entrada<\/strong><\/p>\n\n\n\n<p>El costo de entrada tiene un valor en la taquilla de US$15.00 por 1 d\u00eda donde el visitante tendr\u00e1 acceso a recorrer EXPOCOMER y EXPO LOG\u00cdSTICA Panam\u00e1; as\u00ed como, EXPO TURISMO Internacional que abre su puerta al p\u00fablico el s\u00e1bado 26 de marzo, que son ferias que se realizan en paralelo con la vitrina del comercio mundial.<\/p>\n","protected":false},"excerpt":{"rendered":"<p>Panam\u00e1, 23 de marzo de 2022).&nbsp;La trig\u00e9sima octava edici\u00f3n de EXPOCOMER 2022, que organiza la C\u00e1mara de Comercio, Industrias y Agricultura de Panam\u00e1 (CCIAP), abri\u00f3 sus puertas hoy, en el Panama Convention Center en Amador, con la participaci\u00f3n de casi 600 empresas que buscan establecer contactos de negocios entre los sectores empresariales de casi 30 [&hellip;]<\/p>\n","protected":false},"author":1,"featured_media":10239,"comment_status":"open","ping_status":"open","sticky":false,"template":"","format":"standard","meta":[],"categories":[44],"tags":[],"_links":{"self":[{"href":"https:\/\/www.thevisitorpanama.info\/esp\/wp-json\/wp\/v2\/posts\/10238"}],"collection":[{"href":"https:\/\/www.thevisitorpanama.info\/esp\/wp-json\/wp\/v2\/posts"}],"about":[{"href":"https:\/\/www.thevisitorpanama.info\/esp\/wp-json\/wp\/v2\/types\/post"}],"author":[{"embeddable":true,"href":"https:\/\/www.thevisitorpanama.info\/esp\/wp-json\/wp\/v2\/users\/1"}],"replies":[{"embeddable":true,"href":"https:\/\/www.thevisitorpanama.info\/esp\/wp-json\/wp\/v2\/comments?post=10238"}],"version-history":[{"count":2,"href":"https:\/\/www.thevisitorpanama.info\/esp\/wp-json\/wp\/v2\/posts\/10238\/revisions"}],"predecessor-version":[{"id":10242,"href":"https:\/\/www.thevisitorpanama.info\/esp\/wp-json\/wp\/v2\/posts\/10238\/revisions\/10242"}],"wp:featuredmedia":[{"embeddable":true,"href":"https:\/\/www.thevisitorpanama.info\/esp\/wp-json\/wp\/v2\/media\/10239"}],"wp:attachment":[{"href":"https:\/\/www.thevisitorpanama.info\/esp\/wp-json\/wp\/v2\/media?parent=10238"}],"wp:term":[{"taxonomy":"category","embeddable":true,"href":"https:\/\/www.thevisitorpanama.info\/esp\/wp-json\/wp\/v2\/categories?post=10238"},{"taxonomy":"post_tag","embeddable":true,"href":"https:\/\/www.thevisitorpanama.info\/esp\/wp-json\/wp\/v2\/tags?post=10238"}],"curies":[{"name":"wp","href":"https:\/\/api.w.org\/{rel}","templated":true}]}}