{"id":3496,"date":"2021-01-18T22:04:09","date_gmt":"2021-01-18T21:04:09","guid":{"rendered":"http:\/\/thevisitorpanama.net\/esp\/?p=3496"},"modified":"2022-03-10T22:46:27","modified_gmt":"2022-03-10T21:46:27","slug":"camara-de-turismo-de-panama-solicita-al-minsa-hoja-de-ruta-y-comunicacion-fluida","status":"publish","type":"post","link":"http:\/\/www.thevisitorpanama.info\/esp\/2021\/01\/18\/camara-de-turismo-de-panama-solicita-al-minsa-hoja-de-ruta-y-comunicacion-fluida\/","title":{"rendered":"C\u00e1mara de Turismo de Panam\u00e1 Solicita al Minsa Hoja de Ruta y Comunicaci\u00f3n Fluida para Reactivaci\u00f3n"},"content":{"rendered":"\n<p>Ernesto Orillac, presidente de la C\u00e1mara de Turismo de Panam\u00e1 (Camtur), solicit\u00f3 al Ministerio de Salud (Minsa) la instalaci\u00f3n de una mesa con el objetivo de establecer una hoja de rutra y mantener una comunicaci\u00f3n fluida para reactivar este sector golpeado por la pandemia del&nbsp;Covid-19. <br><\/p>\n\n\n\n<p>Orillac asegur\u00f3 que este sector ha implementado todos los protocolos de bioseguridad para regular las aglomeraciones y evitar los contagios.<\/p>\n\n\n\n<p>Record\u00f3 que actualmente el turismo tanto nacional como internacional se encuentra en temporada alta, por lo que urgi\u00f3 encontrar los mecanismos para aperturar esta industria.<\/p>\n\n\n\n<p>Tambi\u00e9n solicit\u00f3 la reactivaci\u00f3n del Gabinete Tur\u00edstico, que preside el vicepresidente de la Rep\u00fablica, Jos\u00e9 Gabriel Carrizo.<\/p>\n\n\n\n<p>La C\u00e1mara de Comercio L Industrias y Agricultura de Panam\u00e1 (CCIAP) tambi\u00e9n solicit\u00f3 al Gobierno reconsiderar la apertura de parques nacionales, senderos y playas los fines de semana para la recuperaci\u00f3n tur\u00edstica.<br><\/p>\n","protected":false},"excerpt":{"rendered":"<p>Ernesto Orillac, presidente de la C\u00e1mara de Turismo de Panam\u00e1 (Camtur), solicit\u00f3 al Ministerio de Salud (Minsa) la instalaci\u00f3n de una mesa con el objetivo de establecer una hoja de rutra y mantener una comunicaci\u00f3n fluida para reactivar este sector golpeado por la pandemia del&nbsp;Covid-19. Orillac asegur\u00f3 que este sector ha implementado todos los protocolos [&hellip;]<\/p>\n","protected":false},"author":1,"featured_media":9081,"comment_status":"open","ping_status":"open","sticky":false,"template":"","format":"standard","meta":[],"categories":[44],"tags":[],"_links":{"self":[{"href":"http:\/\/www.thevisitorpanama.info\/esp\/wp-json\/wp\/v2\/posts\/3496"}],"collection":[{"href":"http:\/\/www.thevisitorpanama.info\/esp\/wp-json\/wp\/v2\/posts"}],"about":[{"href":"http:\/\/www.thevisitorpanama.info\/esp\/wp-json\/wp\/v2\/types\/post"}],"author":[{"embeddable":true,"href":"http:\/\/www.thevisitorpanama.info\/esp\/wp-json\/wp\/v2\/users\/1"}],"replies":[{"embeddable":true,"href":"http:\/\/www.thevisitorpanama.info\/esp\/wp-json\/wp\/v2\/comments?post=3496"}],"version-history":[{"count":4,"href":"http:\/\/www.thevisitorpanama.info\/esp\/wp-json\/wp\/v2\/posts\/3496\/revisions"}],"predecessor-version":[{"id":3503,"href":"http:\/\/www.thevisitorpanama.info\/esp\/wp-json\/wp\/v2\/posts\/3496\/revisions\/3503"}],"wp:featuredmedia":[{"embeddable":true,"href":"http:\/\/www.thevisitorpanama.info\/esp\/wp-json\/wp\/v2\/media\/9081"}],"wp:attachment":[{"href":"http:\/\/www.thevisitorpanama.info\/esp\/wp-json\/wp\/v2\/media?parent=3496"}],"wp:term":[{"taxonomy":"category","embeddable":true,"href":"http:\/\/www.thevisitorpanama.info\/esp\/wp-json\/wp\/v2\/categories?post=3496"},{"taxonomy":"post_tag","embeddable":true,"href":"http:\/\/www.thevisitorpanama.info\/esp\/wp-json\/wp\/v2\/tags?post=3496"}],"curies":[{"name":"wp","href":"https:\/\/api.w.org\/{rel}","templated":true}]}}