{"id":3462,"date":"2021-01-11T21:00:01","date_gmt":"2021-01-11T20:00:01","guid":{"rendered":"http:\/\/thevisitorpanama.net\/esp\/?p=3462"},"modified":"2022-03-10T22:51:55","modified_gmt":"2022-03-10T21:51:55","slug":"panama-jazz-festival-empieza-hoy-virtualmente-con-artistas-nacionales-e-internacionales","status":"publish","type":"post","link":"http:\/\/www.thevisitorpanama.info\/esp\/2021\/01\/11\/panama-jazz-festival-empieza-hoy-virtualmente-con-artistas-nacionales-e-internacionales\/","title":{"rendered":"Panama Jazz Festival Empieza Hoy Virtualmente con Art\u00edstas Nacionales e Internacionales"},"content":{"rendered":"\n<p>El Panama Jazz Festival, se ha convertido en el Puente de las Am\u00e9ricas para estudiantes de toda la regi\u00f3n, creando un turismo educativo sin precedentes en Latinoam\u00e9rica y actuando como ejemplo mundial de globalizaci\u00f3n responsable, inclusiva y equitativa.<br>\nEl mundo vive una nueva realidad y con gran esfuerzo Panama Jazz Festival se adapta a esta nueva realidad para continuar brindando arte, educaci\u00f3n y cultura al mundo, a partir de hoy Panama Jazz Festival 2021 llega a tu casa de manera virtual. <br>\nEste lunes 11 de enero, tras culminar su tradicional conferencia de prensa de apertura en formato virtual, la Fundaci\u00f3n Danilo P\u00e9rez inaugur\u00f3 formalmente su d\u00e9cimo octava entrega del Panama Jazz Festival, edici\u00f3n que estar\u00e1 disponible del 11 al 23 de enero a trav\u00e9s de la plataforma www.panamajazzfestival.com .<br>\nA trav\u00e9s del canal de Youtube Panama Jazz Festival, representantes institucionales, invitados especiales, estudiantes, medios de comunicaci\u00f3n y entusiastas de la m\u00fasica se conectaron de manera puntual para conocer los pormenores del festival que ha logrado posicionarse como un proyecto cultural que consolida la creatividad, el intercambio y el talento, con un fuerte compromiso con la educaci\u00f3n y bienestar social paname\u00f1o.<br>\nEl acto inaugural liderado por el Embajador Cultural de Panam\u00e1, artista por La Paz de la Unesco y Director Art\u00edstico del Panama Jazz Festival, Danilo P\u00e9rez, estuvo acompa\u00f1ado por su Excelencia Carlos Aguilar Navarro, Ministro de Cultura; el Profesor Jorge Arosemena, Presidente Ejecutivo de la Fundaci\u00f3n Ciudad del Saber; la Magister Aleida Duartes, Directora Administrativa de la Fundaci\u00f3n Danilo P\u00e9rez, la Lic. Giselle Gonz\u00e1lez, Directora General de SERTV, el Lic. Luis Mouynes, Gerente General de Televisora Nacional, S.A, y el Lic. Manuel Pico, Director de Contenido de Corporaci\u00f3n MEDCOM.  <br>\n\u201cQuisiera a nombre del equipo de Ciudad del Saber, de todos y cada uno de los que me han llamado de cu\u00e1nto extra\u00f1an la presencia f\u00edsica, a todos les invito a sumarse de manera virtual a esta nueva edici\u00f3n. Hoy quiero hacer un extraordinario reconocimiento a la Fundaci\u00f3n Danilo P\u00e9rez por mantener hasta esta llegada de la d\u00e9cima octava edici\u00f3n un Festival que tiene en el coraz\u00f3n el compromiso del mejoramiento de la vida a trav\u00e9s de la educaci\u00f3n y formaci\u00f3n musical de tantas personas. En este a\u00f1o que llevamos tan dif\u00edcil, en el mundo entero, hay una luz de esperanza y el festival viene a ser parte de esta luminaria que nos trae ilusi\u00f3n de momentos mejores para la humanidad\u201d palabras del Profesor Jorge Arosemena, Presidente Ejecutivo de Fundaci\u00f3n Ciudad del Saber. <br>\n\u201cCon el jazz expresamos emociones profundas, cantamos a la vida y expresamos nuestra naturaleza alegre o triste, inquieta, c\u00e1lida, espont\u00e1nea y arm\u00f3nica. Durante estos tiempos dif\u00edciles hemos experimentado el poder terap\u00e9utico que tiene la m\u00fasica, hemos visto comunidades enteras, aisladas en sus hogares reunirse para cantar, tocar m\u00fasica, bailar m\u00fasica e incluso ver pel\u00edculas desde sus ventanas y balcones; La cultura nos hace resistente, nos da esperanza, nos recuerda que no estamos solos.\u201d fueron las palabras del Director Art\u00edstico del Festival Danilo P\u00e9rez al dar gracias a la mesa principal y p\u00fablico asistente por creer en este proyecto un a\u00f1o m\u00e1s. <br>\nEl desarrollo del arte, educaci\u00f3n y cultura, son caracter\u00edsticas emblem\u00e1ticas que forman parte de la misi\u00f3n del Panama Jazz Festival, los cuales han calado la vida de centenares de ni\u00f1os y j\u00f3venes paname\u00f1as durante 18 a\u00f1os.<br>\n\u201cLa iniciativa de virtualizar sus contenidos convierte al festival en uno de los m\u00e1s importantes e innovadores eventos, que durante 2 semanas podr\u00e1n ser vistos en las plataformas digitales, y c\u00f3mo Ministerio de Cultura, estaremos acompa\u00f1\u00e1ndolos desde nuestras redes en la promoci\u00f3n y difusi\u00f3n de sus contenidos educativos y art\u00edsticos.\u201d fueron las palabras previas y de compromiso de su Excelencia Carlos Aguilar Navarro, Ministro de Cultura. <br>\nPanama Jazz Festival estar\u00e1 disponible a trav\u00e9s de la plataforma www.panamajazzfestival.com  hasta el 23 de enero del 2021 y contar\u00e1 con la participaci\u00f3n de artistas nacionales e internacionales de primer nivel, clases magistrales, el IX Simposio Latinoamericano de Musicoterapia, el V Simposio de las Expresiones Culturales Art\u00edsticas y Musicales de los Afrodescendientes de Panam\u00e1 y el VI Congreso de la Educaci\u00f3n en el Hogar, informaron los organizadores. <br>\nApoya al Panama Jazz Festival y \u201cPaga lo que t\u00fa decidas\u201d a beneficio de la Fundaci\u00f3n Danilo P\u00e9rez.<br>\nLa Fundaci\u00f3n Danilo P\u00e9rez se estableci\u00f3 legalmente en el 2005, pero su trabajo y esp\u00edritu se origina en los a\u00f1os 1960\u2019s cuando Danilo P\u00e9rez Sr. experimenta con la educaci\u00f3n b\u00e1sica de ni\u00f1os en riesgo social y comienza a componer canciones para el aprendizaje de todas las materias escolares. Esta experiencia culmina en 1967 con el escrito de una tesis en pedagog\u00eda que sugiere que los profesores de todas las materias deben tener una formaci\u00f3n musical b\u00e1sica ya que sus observaciones muestran que los ni\u00f1os aprenden m\u00e1s r\u00e1pido, retienen el aprendizaje por m\u00e1s tiempo, y practican el proceso creativo que finalmente los ayudan a convertirse en adultos m\u00e1s productivos, sensibles, con menos incidencia a la violencia, la pobreza y la marginalidad. <br>\nDesde su inicio en 2003, el Festival de Jazz de Panam\u00e1 ha atra\u00eddo a m\u00e1s de 350,000 fan\u00e1ticos del jazz en todo el mundo y ha anunciado m\u00e1s de 4.5 millones de d\u00f3lares en becas nacionales e internacionales. Su componente educativo re\u00fane a 5,000 estudiantes de m\u00fasica de todo el mundo cada a\u00f1o y en enero de 2020 el festival reuni\u00f3 a m\u00e1s de 32,613 personas de todo el mundo.       <br>\nEl Panama Jazz Festival es producido por Panama Jazz Productions y el Simposio de Musicoterapia, Coproducido por Ciudad del Saber, a beneficio de la Fundaci\u00f3n Danilo P\u00e9rez y gracias al apoyo del Gobierno Nacional celebrando el Bicentenario.<br>\nDetalles completos sobre el Panama Jazz Festival, visite: www.panamajazzfestival.com<br>\nRedes sociales IG: @panamajazzfestival  \/ FB: @panamajazzfesti TW: @panamajazzfesti<br>\nPara informaci\u00f3n de prensa y medios contactar a prensa@panamajazzfestival.com<\/p>\n","protected":false},"excerpt":{"rendered":"<p>El Panama Jazz Festival, se ha convertido en el Puente de las Am\u00e9ricas para estudiantes de toda la regi\u00f3n, creando un turismo educativo sin precedentes en Latinoam\u00e9rica y actuando como ejemplo mundial de globalizaci\u00f3n responsable, inclusiva y equitativa. El mundo vive una nueva realidad y con gran esfuerzo Panama Jazz Festival se adapta a esta [&hellip;]<\/p>\n","protected":false},"author":1,"featured_media":9096,"comment_status":"open","ping_status":"open","sticky":false,"template":"","format":"standard","meta":[],"categories":[44],"tags":[],"_links":{"self":[{"href":"http:\/\/www.thevisitorpanama.info\/esp\/wp-json\/wp\/v2\/posts\/3462"}],"collection":[{"href":"http:\/\/www.thevisitorpanama.info\/esp\/wp-json\/wp\/v2\/posts"}],"about":[{"href":"http:\/\/www.thevisitorpanama.info\/esp\/wp-json\/wp\/v2\/types\/post"}],"author":[{"embeddable":true,"href":"http:\/\/www.thevisitorpanama.info\/esp\/wp-json\/wp\/v2\/users\/1"}],"replies":[{"embeddable":true,"href":"http:\/\/www.thevisitorpanama.info\/esp\/wp-json\/wp\/v2\/comments?post=3462"}],"version-history":[{"count":1,"href":"http:\/\/www.thevisitorpanama.info\/esp\/wp-json\/wp\/v2\/posts\/3462\/revisions"}],"predecessor-version":[{"id":3464,"href":"http:\/\/www.thevisitorpanama.info\/esp\/wp-json\/wp\/v2\/posts\/3462\/revisions\/3464"}],"wp:featuredmedia":[{"embeddable":true,"href":"http:\/\/www.thevisitorpanama.info\/esp\/wp-json\/wp\/v2\/media\/9096"}],"wp:attachment":[{"href":"http:\/\/www.thevisitorpanama.info\/esp\/wp-json\/wp\/v2\/media?parent=3462"}],"wp:term":[{"taxonomy":"category","embeddable":true,"href":"http:\/\/www.thevisitorpanama.info\/esp\/wp-json\/wp\/v2\/categories?post=3462"},{"taxonomy":"post_tag","embeddable":true,"href":"http:\/\/www.thevisitorpanama.info\/esp\/wp-json\/wp\/v2\/tags?post=3462"}],"curies":[{"name":"wp","href":"https:\/\/api.w.org\/{rel}","templated":true}]}}